{"id":46209,"date":"2025-09-19T05:01:03","date_gmt":"2025-09-19T08:01:03","guid":{"rendered":"http:\/\/masquenoticiastucuman.com.ar\/?p=46209"},"modified":"2025-09-19T05:01:03","modified_gmt":"2025-09-19T08:01:03","slug":"f1-gp-de-azerbaiyan-con-franco-colapinto-en-vivo-horarios-de-las-practicas-libres-en-baku-este-19-de-septiembre","status":"publish","type":"post","link":"https:\/\/masquenoticiastucuman.com.ar\/?p=46209","title":{"rendered":"F1 GP de Azerbaiy\u00e1n con Franco Colapinto, EN VIVO: horarios de las pr\u00e1cticas libres en Bak\u00fa este 19 de septiembre"},"content":{"rendered":"<ul>\n<li>La actividad entre los muros de Bak\u00fa comenzar\u00e1 a las 5.30 y continuar\u00e1 a las 9; por Disney+, Fox Sports y la app F1TV.<\/li>\n<li>El piloto argentino, que viene en alza desde el GP de Hungr\u00eda, sum\u00f3 sus primeros puntos en este callejero el a\u00f1o pasado.<\/li>\n<\/ul>","protected":false},"excerpt":{"rendered":"<p>La actividad entre los muros de Bak\u00fa comenzar\u00e1 a las 5.30 y continuar\u00e1 a las&#8230;<\/p>\n","protected":false},"author":1,"featured_media":0,"comment_status":"open","ping_status":"open","sticky":false,"template":"","format":"standard","meta":{"footnotes":""},"categories":[6],"tags":[],"class_list":["post-46209","post","type-post","status-publish","format-standard","hentry","category-deportes"],"_links":{"self":[{"href":"https:\/\/masquenoticiastucuman.com.ar\/index.php?rest_route=\/wp\/v2\/posts\/46209","targetHints":{"allow":["GET"]}}],"collection":[{"href":"https:\/\/masquenoticiastucuman.com.ar\/index.php?rest_route=\/wp\/v2\/posts"}],"about":[{"href":"https:\/\/masquenoticiastucuman.com.ar\/index.php?rest_route=\/wp\/v2\/types\/post"}],"author":[{"embeddable":true,"href":"https:\/\/masquenoticiastucuman.com.ar\/index.php?rest_route=\/wp\/v2\/users\/1"}],"replies":[{"embeddable":true,"href":"https:\/\/masquenoticiastucuman.com.ar\/index.php?rest_route=%2Fwp%2Fv2%2Fcomments&post=46209"}],"version-history":[{"count":0,"href":"https:\/\/masquenoticiastucuman.com.ar\/index.php?rest_route=\/wp\/v2\/posts\/46209\/revisions"}],"wp:attachment":[{"href":"https:\/\/masquenoticiastucuman.com.ar\/index.php?rest_route=%2Fwp%2Fv2%2Fmedia&parent=46209"}],"wp:term":[{"taxonomy":"category","embeddable":true,"href":"https:\/\/masquenoticiastucuman.com.ar\/index.php?rest_route=%2Fwp%2Fv2%2Fcategories&post=46209"},{"taxonomy":"post_tag","embeddable":true,"href":"https:\/\/masquenoticiastucuman.com.ar\/index.php?rest_route=%2Fwp%2Fv2%2Ftags&post=46209"}],"curies":[{"name":"wp","href":"https:\/\/api.w.org\/{rel}","templated":true}]}}