{"id":46215,"date":"2025-09-19T07:00:22","date_gmt":"2025-09-19T10:00:22","guid":{"rendered":"https:\/\/masquenoticiastucuman.com.ar\/?p=46215"},"modified":"2025-09-19T07:00:22","modified_gmt":"2025-09-19T10:00:22","slug":"jaldo-inauguro-mejoras-en-la-ruta-nacional-38-en-la-cocha","status":"publish","type":"post","link":"https:\/\/masquenoticiastucuman.com.ar\/?p=46215","title":{"rendered":"Jaldo inaugur\u00f3 mejoras en la Ruta Nacional 38 en La Cocha"},"content":{"rendered":"\n<p>El Gobernador dej\u00f3 habilitadas obras de iluminaci\u00f3n, banquinas, colectoras y un nuevo complejo semaf\u00f3rico en el marco del Plan Integral de Obras para la Seguridad Vial. Estuvo acompa\u00f1ado por autoridades provinciales, municipales y vecinos de la ciudad.<\/p>\n\n\n\n<p>El gobernador&nbsp;<strong>Osvaldo Jaldo<\/strong>&nbsp;visit\u00f3 la ciudad de La Cocha para dejar formalmente inauguradas las obras enmarcadas en el Plan Integral de Obras para la Seguridad Vial. Este proyecto incluy\u00f3 la construcci\u00f3n y ampliaci\u00f3n de banquinas, la instalaci\u00f3n de un nuevo complejo semaf\u00f3rico con radar y la colocaci\u00f3n de luminarias LED de \u00faltima tecnolog\u00eda, entre otras mejoras.<\/p>\n\n\n\n<p>Jaldo estuvo acompa\u00f1ado por el vicegobernador,&nbsp;<strong>Miguel Acevedo<\/strong>; el presidente subrogante de la Legislatura,&nbsp;<strong>Sergio Mansilla<\/strong>; el ministro del Interior,&nbsp;<strong>Dar\u00edo Monteros<\/strong>; los diputados&nbsp;<strong>Gladys Medina<\/strong>,<strong>&nbsp;Elia Fern\u00e1ndez<\/strong>&nbsp;y&nbsp;<strong>Agust\u00edn Fern\u00e1ndez<\/strong>; la intendente&nbsp;<strong>Gabriela Rodr\u00edguez<\/strong>; los legisladores&nbsp;<strong>Leopoldo Rodr\u00edguez<\/strong>,&nbsp;<strong>Nancy Bulacios<\/strong>,&nbsp;<strong>Alberto Olea<\/strong>,&nbsp;<strong>Carolina Vargas Aignasse<\/strong>,&nbsp;<strong>Sandra Figueroa<\/strong>,&nbsp;<strong>Marcelo Herrera<\/strong>&nbsp;y&nbsp;<strong>Walter Herrera<\/strong>; el intendente de Taf\u00ed del Valle,&nbsp;<strong>Francisco Caliva<\/strong>; concejales y comisionados comunales.<\/p>\n\n\n\n<p>El gobernador afirm\u00f3: \u201cHoy estamos en la ciudad acompa\u00f1ando a esta gran intendenta como es Gaby, este gran legislador como es Leo Rodr\u00edguez, y realmente tambi\u00e9n al doctor D\u00edaz como presidente del Concejo Deliberante, y hoy estamos ac\u00e1 el vicegobernador, legisladores, intendentes, diputados nacionales, pero fundamentalmente acompa\u00f1ado por una cantidad importante de vecinos y vecinas que han venido a ver, a valorar la inauguraci\u00f3n de esta gran obra que con mucho esfuerzo, que hoy Gaby, esta gran intendenta, en apenas nueve meses de gobierno, est\u00e1 dejando oficializada, como es alumbrado p\u00fablico en La Cocha, en los diferentes accesos a la ciudad, este alumbrado p\u00fablico sobre esta ruta tan peligrosa como es la RN 38\u201d.<\/p>\n\n\n\n<figure class=\"wp-block-image size-large\"><img decoding=\"async\" src=\"https:\/\/masquenoticiastucuman.com.ar\/wp-content\/uploads\/2025\/09\/250918211821_79347-1024x683.jpeg\" alt=\"\" class=\"wp-image-46216\" \/><\/figure>\n\n\n\n<p>En esa l\u00ednea agreg\u00f3: \u201cQuienes piensan de esta forma, realmente piensan en la gente, piensan en el pueblo, piensan en quienes viven todos los d\u00edas a la par de ellos. Estamos pensando en salvar vidas con estas obras de infraestructura. \u00bfQu\u00e9 es lo m\u00e1s importante que tiene el ser humano? La salud y la vida. Y con estas obras que hoy se est\u00e1n inaugurando, no hay duda que estamos mejorando, garantizando una mayor transitabilidad, como tambi\u00e9n mejorar la calidad de vida de los que viven a la par de esta ruta\u201d.<\/p>\n\n\n\n<p>El vicegobernador Miguel Acevedo destac\u00f3: \u201cEs important\u00edsima esta inauguraci\u00f3n en este Tucum\u00e1n federal que tenemos, porque hoy estamos en La Cocha, una ciudad ya lim\u00edtrofe, inaugurando obras de la calidad que es esta obra de infraestructura, una que resguarda vida. Se habla de seguridad vial, pero seguridad vial es salvar vidas. En La Cocha y en toda la provincia se est\u00e1n haciendo obras, as\u00ed que la obra p\u00fablica en Tucum\u00e1n con total y absoluta certeza, lo podemos decir, no se detiene\u201d.<\/p>\n\n\n\n<p>Por su parte, la intendente Gabriela Rodr\u00edguez sostuvo: \u201cHoy con mucha alegr\u00eda estamos inaugurando esta obra que por supuesto requiere una inversi\u00f3n importante para nuestra ciudad. Esta es uno de los ingresos principales a nuestra ciudad y a lo largo de estos a\u00f1os esta intersecci\u00f3n con la ruta 38 se hizo bastante peligrosa y con este plan integral de seguridad vial estamos no tan solo mejorando la calidad de vida de nuestros vecinos sino por supuesto cuidando la vida de ellos\u201d.<\/p>\n\n\n\n<p>En ese sentido detall\u00f3: \u201cHemos inaugurado hoy una accesibilidad mejor a nuestra ciudad a trav\u00e9s de la colectora que tiene aproximadamente 150 metros, 700 metros de iluminaci\u00f3n LED de primera tecnolog\u00eda y el ensanchamiento de la ruta 38 en las dos banquinas. As\u00ed que la verdad que muy contenta y por supuesto que esto se logra trabajando en conjunto y agradezco al gobernador Osvaldo Jaldo por acompa\u00f1ar permanentemente esta gesti\u00f3n\u201d.<\/p>\n\n\n\n<p>Finalmente, el legislador Leopoldo Rodr\u00edguez expres\u00f3: \u201cUna obra muy importante, no solo lo que tiene que ver con la pavimentaci\u00f3n de las banquinas, sino los accesos, las bocacalles de los accesos para ambos lados, la iluminaci\u00f3n, el complejo de sem\u00e1foro. Una obra que tiene que ver con el cuidado de nuestra comunidad y de toda la gente que transita por esta ruta. La verdad que felicitar a Gaby, el Concejo Deliberante, a todo su equipo en nueve meses poder concretar esta obra habla de una gesti\u00f3n muy responsable y que tiene muy claro sus objetivos y hacia d\u00f3nde va\u201d.<\/p>\n\n\n\n<p>El legislador agreg\u00f3: \u201cPor supuesto, el agradecimiento al gobernador que, si bien La Cocha hoy es testigo, toda la provincia es testigo de todo lo que se viene realizando desde su gesti\u00f3n en cuanto a inversi\u00f3n de infraestructura y el cuidado de nuestras comunidades en el interior de la provincia. El vicegobernador que siempre est\u00e1 acompa\u00f1ando, siempre nos ha pedido que desde la tarea legislativa acompa\u00f1emos y brindemos todas las herramientas al Ejecutivo, y agradecerle al ministro del Interior que es quien siempre nos atiende, siempre est\u00e1 predispuesto a que nosotros podamos avanzar con este tipo de proyectos y sue\u00f1os que tenemos en el interior de la provincia\u201d.<\/p>\n","protected":false},"excerpt":{"rendered":"<p>El Gobernador dej\u00f3 habilitadas obras de iluminaci\u00f3n, banquinas, colectoras y un nuevo complejo semaf\u00f3rico en&#8230;<\/p>\n","protected":false},"author":2,"featured_media":0,"comment_status":"open","ping_status":"open","sticky":false,"template":"","format":"standard","meta":{"footnotes":""},"categories":[2],"tags":[],"class_list":["post-46215","post","type-post","status-publish","format-standard","hentry","category-locales"],"_links":{"self":[{"href":"https:\/\/masquenoticiastucuman.com.ar\/index.php?rest_route=\/wp\/v2\/posts\/46215","targetHints":{"allow":["GET"]}}],"collection":[{"href":"https:\/\/masquenoticiastucuman.com.ar\/index.php?rest_route=\/wp\/v2\/posts"}],"about":[{"href":"https:\/\/masquenoticiastucuman.com.ar\/index.php?rest_route=\/wp\/v2\/types\/post"}],"author":[{"embeddable":true,"href":"https:\/\/masquenoticiastucuman.com.ar\/index.php?rest_route=\/wp\/v2\/users\/2"}],"replies":[{"embeddable":true,"href":"https:\/\/masquenoticiastucuman.com.ar\/index.php?rest_route=%2Fwp%2Fv2%2Fcomments&post=46215"}],"version-history":[{"count":1,"href":"https:\/\/masquenoticiastucuman.com.ar\/index.php?rest_route=\/wp\/v2\/posts\/46215\/revisions"}],"predecessor-version":[{"id":46218,"href":"https:\/\/masquenoticiastucuman.com.ar\/index.php?rest_route=\/wp\/v2\/posts\/46215\/revisions\/46218"}],"wp:attachment":[{"href":"https:\/\/masquenoticiastucuman.com.ar\/index.php?rest_route=%2Fwp%2Fv2%2Fmedia&parent=46215"}],"wp:term":[{"taxonomy":"category","embeddable":true,"href":"https:\/\/masquenoticiastucuman.com.ar\/index.php?rest_route=%2Fwp%2Fv2%2Fcategories&post=46215"},{"taxonomy":"post_tag","embeddable":true,"href":"https:\/\/masquenoticiastucuman.com.ar\/index.php?rest_route=%2Fwp%2Fv2%2Ftags&post=46215"}],"curies":[{"name":"wp","href":"https:\/\/api.w.org\/{rel}","templated":true}]}}