{"id":46225,"date":"2025-09-19T08:36:15","date_gmt":"2025-09-19T11:36:15","guid":{"rendered":"https:\/\/masquenoticiastucuman.com.ar\/?p=46225"},"modified":"2025-09-19T08:36:16","modified_gmt":"2025-09-19T11:36:16","slug":"san-javier-celebrara-la-segunda-edicion-de-mi-primer-escenario","status":"publish","type":"post","link":"https:\/\/masquenoticiastucuman.com.ar\/?p=46225","title":{"rendered":"San Javier celebrar\u00e1 la segunda edici\u00f3n de \u201cMi Primer Escenario\u201d"},"content":{"rendered":"\n<p>El evento se erige como una propuesta ideal para hallar talento tucumano, visibilizar y robustecer con ello la agenda de actividades en el marco del D\u00eda de la Primavera.<\/p>\n\n\n\n<p id=\"isPasted\">Este jueves al mediod\u00eda, en el Ente Tucum\u00e1n Turismo (ETT), se present\u00f3 oficialmente la segunda edici\u00f3n de \u201cMi Primer Escenario\u201d, un evento que busca descubrir y promover nuevos talentos musicales de la provincia.&nbsp;<\/p>\n\n\n\n<p>La conferencia de prensa estuvo encabezada por el presidente del organismo,&nbsp;<strong>Domingo Amaya;<\/strong>&nbsp;el secretario de Relaciones Interinstitucionales del Ministerio del Interior,&nbsp;<strong>Daniel Herrera<\/strong>, el secretario general del ETT,&nbsp;<strong>Marcos D\u00edaz,<\/strong>&nbsp;el comisionado comunal de San Javier,&nbsp;<strong>Lucas Vildoza&nbsp;<\/strong>y&nbsp;<strong>Gustavo P\u00e1ez,&nbsp;<\/strong>del grupo musical La Yunta.<\/p>\n\n\n\n<p>La propuesta se enmarca en el Septiembre Musical y tendr\u00e1 lugar en el anfiteatro del Complejo Tur\u00edstico Cristo Bendicente, en San Javier, durante la celebraci\u00f3n del D\u00eda de la Primavera y el D\u00eda del Estudiante. Con un marco natural imponente y la participaci\u00f3n de miles de j\u00f3venes, la villa tur\u00edstica se prepara para recibir a artistas que tendr\u00e1n la oportunidad de subirse a su primer gran escenario.<\/p>\n\n\n\n<p>Las inscripciones para los m\u00fasicos y cantantes interesados estar\u00e1n abiertas hasta ma\u00f1ana, viernes 19 de septiembre, enviando un correo a la casilla&nbsp;<a href=\"mailto:poncejuancarlosok@gmail.com\">poncejuancarlosok@gmail.com<\/a>&nbsp;de&nbsp;<strong>Juan Ponce,<\/strong>&nbsp;director de la Comuna de San Javier. \u201cMi Primer Escenario\u201d representa una oportunidad \u00fanica para quienes desean dar a conocer su arte frente a un p\u00fablico masivo y en un entorno privilegiado como el de San Javier.<\/p>\n\n\n\n<p>Al presentar el evento, Amaya destac\u00f3: \u201ceste tipo de iniciativas no solo fortalecen nuestra agenda cultural y tur\u00edstica, sino que tambi\u00e9n abren las puertas a nuevas generaciones de artistas que encuentran en Tucum\u00e1n un espacio para crecer y proyectarse\u201d. El titular de Turismo valor\u00f3 el cuarto lugar que ocupa Tucum\u00e1n como sede destino de eventos, mucho m\u00e1s en septiembre, Mes del Turismo, porque eso demuestra \u201cla voluntad pol\u00edtica del gobernador Osvaldo Jaldo de poner siempre a Tucum\u00e1n Primero, a nuestras propuestas y nuestra gente\u201d.&nbsp;<\/p>\n\n\n\n<p>\u201cTenemos las mejores expectativas para esta segunda edici\u00f3n, nuevamente el trabajo mancomunado entre los distintos estamentos del gobierno nos permiten mantener esta propuesta cultural y tur\u00edstica que fue un \u00e9xito el a\u00f1o pasado\u201d, celebr\u00f3 Vildoza, quien tambi\u00e9n elev\u00f3 la invitaci\u00f3n a todos los tucumanos de acercarse este domingo al \u201cmejor escenario natural de la provincia\u201d, San Javier.&nbsp;<\/p>\n\n\n\n<p>Herrera, por su parte, ponder\u00f3 la administraci\u00f3n financiera que lleva adelante la actual gesti\u00f3n de Jaldo, ya que al contar con super\u00e1vit fiscal, \u201cese ahorro se vuelca en todos los tucumanos, todo lo contrario a lo que vemos por parte del Ejecutivo nacional\u201d. \u201c<\/p>\n\n\n\n<p>Por \u00faltimo, P\u00e1ez habl\u00f3 en nombre de todos los m\u00fasicos y de su propia agrupaci\u00f3n, que cumplir\u00e1 25 a\u00f1os de trayectoria en el marco de Mi Primer Escenario. \u201cPara los artistas suele ser muy dif\u00edcil conseguir esa primera presentaci\u00f3n, que esto se llame Mi Primer Escenario encierra ese valor de otorgarle al m\u00fasico el p\u00fablico que necesita para iniciar su carrera\u201d, dijo, y subray\u00f3 la majestuosidad del entorno en el que se desarrolla el evento. \u201cMuchos tucumanos no valoramos lo que tenemos, pero cuando est\u00e1s ah\u00ed, respir\u00e1s ese aire, observ\u00e1s lo bello del paisaje, hasta se cae una l\u00e1grima\u201d, concluy\u00f3. &nbsp;<\/p>\n\n\n\n<p>Con esta segunda edici\u00f3n de la propuesta art\u00edstica San Javier reafirma su posici\u00f3n como un punto clave en la agenda tur\u00edstica y cultural de la provincia al ofrecer una jornada que combina m\u00fasica, juventud y naturaleza en un encuentro que promete ser inolvidable para los asistentes y mucho m\u00e1s para los artistas que se bautizar\u00e1n en el imponente escenario de nuestro Tucum\u00e1n.<\/p>\n","protected":false},"excerpt":{"rendered":"<p>El evento se erige como una propuesta ideal para hallar talento tucumano, visibilizar y robustecer&#8230;<\/p>\n","protected":false},"author":2,"featured_media":0,"comment_status":"open","ping_status":"open","sticky":false,"template":"","format":"standard","meta":{"footnotes":""},"categories":[2],"tags":[],"class_list":["post-46225","post","type-post","status-publish","format-standard","hentry","category-locales"],"_links":{"self":[{"href":"https:\/\/masquenoticiastucuman.com.ar\/index.php?rest_route=\/wp\/v2\/posts\/46225","targetHints":{"allow":["GET"]}}],"collection":[{"href":"https:\/\/masquenoticiastucuman.com.ar\/index.php?rest_route=\/wp\/v2\/posts"}],"about":[{"href":"https:\/\/masquenoticiastucuman.com.ar\/index.php?rest_route=\/wp\/v2\/types\/post"}],"author":[{"embeddable":true,"href":"https:\/\/masquenoticiastucuman.com.ar\/index.php?rest_route=\/wp\/v2\/users\/2"}],"replies":[{"embeddable":true,"href":"https:\/\/masquenoticiastucuman.com.ar\/index.php?rest_route=%2Fwp%2Fv2%2Fcomments&post=46225"}],"version-history":[{"count":1,"href":"https:\/\/masquenoticiastucuman.com.ar\/index.php?rest_route=\/wp\/v2\/posts\/46225\/revisions"}],"predecessor-version":[{"id":46235,"href":"https:\/\/masquenoticiastucuman.com.ar\/index.php?rest_route=\/wp\/v2\/posts\/46225\/revisions\/46235"}],"wp:attachment":[{"href":"https:\/\/masquenoticiastucuman.com.ar\/index.php?rest_route=%2Fwp%2Fv2%2Fmedia&parent=46225"}],"wp:term":[{"taxonomy":"category","embeddable":true,"href":"https:\/\/masquenoticiastucuman.com.ar\/index.php?rest_route=%2Fwp%2Fv2%2Fcategories&post=46225"},{"taxonomy":"post_tag","embeddable":true,"href":"https:\/\/masquenoticiastucuman.com.ar\/index.php?rest_route=%2Fwp%2Fv2%2Ftags&post=46225"}],"curies":[{"name":"wp","href":"https:\/\/api.w.org\/{rel}","templated":true}]}}