{"id":46236,"date":"2025-09-19T08:41:38","date_gmt":"2025-09-19T11:41:38","guid":{"rendered":"https:\/\/masquenoticiastucuman.com.ar\/?p=46236"},"modified":"2025-09-19T08:41:38","modified_gmt":"2025-09-19T11:41:38","slug":"prohiben-a-los-choferes-de-colectivos-poner-musica-durante-el-servicio","status":"publish","type":"post","link":"https:\/\/masquenoticiastucuman.com.ar\/?p=46236","title":{"rendered":"Proh\u00edben a los choferes de colectivos poner m\u00fasica durante el servicio"},"content":{"rendered":"\n<p>La&nbsp;Municipalidad de San Miguel de Tucum\u00e1n&nbsp;implement\u00f3 una medida que gener\u00f3 debate entre empresarios del transporte y usuarios: en la capital queda terminantemente prohibido que los choferes reproduzcan m\u00fasica en los colectivos durante el horario de trabajo. La notificaci\u00f3n, emitida por la Secretar\u00eda de Movilidad Urbana, se basa en la ordenanza vigente que regula este tipo de infracciones.<\/p>\n\n\n\n<p><strong>Benjam\u00edn Nieva<\/strong>, secretario de Movilidad Urbana, explic\u00f3 que la medida responde a reclamos recibidos por los usuarios a trav\u00e9s del Centro de Monitoreo de la Movilidad Urbana y la Direcci\u00f3n de Respuesta R\u00e1pida del municipio. \u201cCuando llega un reclamo, lo atendemos, absorbemos la informaci\u00f3n y nos comunicamos con los empresarios para que puedan presentar su descargo. Si corresponde, se aplican las sanciones previstas en la ordenanza\u201d, indic\u00f3.<\/p>\n\n\n\n<h2 class=\"wp-block-heading\">El funcionario destac\u00f3 que la restricci\u00f3n no es un detalle menor. \u201cEl reclamo de la gente nos obliga a actuar.<\/h2>\n\n\n\n<p>La m\u00fasica a alto volumen puede distraer al ch\u00f3fer y afectar la seguridad vial, adem\u00e1s de perturbar al pasajero que se desplaza\u201d. Las sanciones, seg\u00fan los art\u00edculos 46 y 51 de la ordenanza 400, van desde 2.000 hasta 100.000 boletos al precio de venta al p\u00fablico, dependiendo de la infracci\u00f3n.<\/p>\n\n\n\n<p>Nieva agreg\u00f3 que, m\u00e1s all\u00e1 del tema de la m\u00fasica, los reclamos de los vecinos suelen concentrarse en la frecuencia de los colectivos, el estado de las unidades y el comportamiento de los choferes. \u201cColocamos c\u00f3digos QR en cada unidad y en las paradas para que los usuarios puedan hacer reclamos o sugerencias. Luego, nos ocupamos de que lleguen a los empresarios\u201d, explic\u00f3.<\/p>\n\n\n\n<p>El secretario tambi\u00e9n aprovech\u00f3 para abordar otras preocupaciones de movilidad, como la seguridad de los ciclistas y el desarrollo de nuevas ciclov\u00edas. \u201cEstamos trabajando en conjunto con la Asociaci\u00f3n MetaBici y la Secretar\u00eda de Obras P\u00fablicas para delinear recorridos seguros. Una vez aprobado el proyecto, se implementar\u00e1n las primeras fases, por ejemplo, en el parque 9 de Julio\u201d, anticip\u00f3.<\/p>\n\n\n\n<p>Finalmente, reflexion\u00f3 sobre el respeto en el espacio p\u00fablico. \u201cNo se trata solo de colectivos. La m\u00fasica a alto volumen, tirar basura o faltarle el respeto al pr\u00f3jimo son acciones que se han normalizado en nuestra sociedad. Queremos recuperar la convivencia y el respeto mutuo en la ciudad\u201d.<\/p>\n","protected":false},"excerpt":{"rendered":"<p>La&nbsp;Municipalidad de San Miguel de Tucum\u00e1n&nbsp;implement\u00f3 una medida que gener\u00f3 debate entre empresarios del transporte&#8230;<\/p>\n","protected":false},"author":2,"featured_media":0,"comment_status":"open","ping_status":"open","sticky":false,"template":"","format":"standard","meta":{"footnotes":""},"categories":[2],"tags":[],"class_list":["post-46236","post","type-post","status-publish","format-standard","hentry","category-locales"],"_links":{"self":[{"href":"https:\/\/masquenoticiastucuman.com.ar\/index.php?rest_route=\/wp\/v2\/posts\/46236","targetHints":{"allow":["GET"]}}],"collection":[{"href":"https:\/\/masquenoticiastucuman.com.ar\/index.php?rest_route=\/wp\/v2\/posts"}],"about":[{"href":"https:\/\/masquenoticiastucuman.com.ar\/index.php?rest_route=\/wp\/v2\/types\/post"}],"author":[{"embeddable":true,"href":"https:\/\/masquenoticiastucuman.com.ar\/index.php?rest_route=\/wp\/v2\/users\/2"}],"replies":[{"embeddable":true,"href":"https:\/\/masquenoticiastucuman.com.ar\/index.php?rest_route=%2Fwp%2Fv2%2Fcomments&post=46236"}],"version-history":[{"count":1,"href":"https:\/\/masquenoticiastucuman.com.ar\/index.php?rest_route=\/wp\/v2\/posts\/46236\/revisions"}],"predecessor-version":[{"id":46238,"href":"https:\/\/masquenoticiastucuman.com.ar\/index.php?rest_route=\/wp\/v2\/posts\/46236\/revisions\/46238"}],"wp:attachment":[{"href":"https:\/\/masquenoticiastucuman.com.ar\/index.php?rest_route=%2Fwp%2Fv2%2Fmedia&parent=46236"}],"wp:term":[{"taxonomy":"category","embeddable":true,"href":"https:\/\/masquenoticiastucuman.com.ar\/index.php?rest_route=%2Fwp%2Fv2%2Fcategories&post=46236"},{"taxonomy":"post_tag","embeddable":true,"href":"https:\/\/masquenoticiastucuman.com.ar\/index.php?rest_route=%2Fwp%2Fv2%2Ftags&post=46236"}],"curies":[{"name":"wp","href":"https:\/\/api.w.org\/{rel}","templated":true}]}}