{"id":46241,"date":"2025-09-19T10:49:48","date_gmt":"2025-09-19T13:49:48","guid":{"rendered":"https:\/\/masquenoticiastucuman.com.ar\/?p=46241"},"modified":"2025-09-19T10:49:49","modified_gmt":"2025-09-19T13:49:49","slug":"tucuman-avanza-en-gestiones-para-contar-con-espacio-propio-en-los-puertos-de-santa-fe-y-rosario","status":"publish","type":"post","link":"https:\/\/masquenoticiastucuman.com.ar\/?p=46241","title":{"rendered":"Tucum\u00e1n avanza en gestiones para contar con espacio propio en los puertos de Santa Fe y Rosario"},"content":{"rendered":"\n<p>Ministros y funcionarios de ambas provincias avanzaron en un plan de integraci\u00f3n que busca mejorar el acceso de los productos tucumanos a los puertos argentinos.<\/p>\n\n\n\n<p>Este viernes, representantes del Gobierno de Santa Fe presentaron en Tucum\u00e1n la propuesta de establecer un espacio exclusivo para la provincia en los puertos de Rosario y Santa Fe. La delegaci\u00f3n fue recibida por los ministros&nbsp;<strong>Daniel Abad<\/strong>&nbsp;(Econom\u00eda y Producci\u00f3n),<strong>&nbsp;Regino Amado<\/strong>&nbsp;(Gobierno y Justicia) y la secretaria de Relaciones Internacionales y Empresariales,&nbsp;<strong>Virginia \u00c1vila<\/strong>.<\/p>\n\n\n\n<p>Por el Gobierno de Santa Fe estuvieron presentes:&nbsp;<strong>Gustavo Puccini<\/strong>, ministro de Desarrollo Productivo;&nbsp;<strong>Jorge Henn<\/strong>, subsecretario de Transporte;&nbsp;<strong>Claudia Giaccone<\/strong>, subsecretaria de Integraci\u00f3n Regional Ministerio de Gobierno e Innovaci\u00f3n;&nbsp;<strong>Diego Scuccimarra<\/strong>, gerente Comercial Puerto de Santa Fe;&nbsp;<strong>Lucio Emiliano Reyes<\/strong>, coordinador Puertos y Aeropuertos; y&nbsp;<strong>Esteban Vaquedano<\/strong>, gerente Comercial de TPR, concesionario de Enapro.<\/p>\n\n\n\n<p>Durante el encuentro, Virginia \u00c1vila destac\u00f3 el trabajo conjunto que impulsa el gobernador<strong>&nbsp;Osvaldo Jaldo<\/strong>&nbsp;para fortalecer la log\u00edstica exportadora de Tucum\u00e1n. En este sentido, expres\u00f3: \u201cDesde Tucum\u00e1n trabajamos articuladamente con los comit\u00e9s de integraci\u00f3n, como nuestro gobernador Osvaldo Jaldo nos indica, los gobiernos, los ministerios trabajan junto con otros gobiernos de otros pa\u00edses y provincias\u201d.<\/p>\n\n\n\n<blockquote class=\"wp-block-quote is-layout-flow wp-block-quote-is-layout-flow\">\n<p>\u00c1vila explic\u00f3 que el objetivo es potenciar la competitividad y facilitar el transporte de la producci\u00f3n tucumana hacia los puertos. Al respecto sostuvo: \u201cEstamos fortaleciendo el corredor bioce\u00e1nico, es decir, los puertos que est\u00e1n en el Atl\u00e1ntico, como ser los de Buenos Aires, los de Santa Fe y los de Rosario, por donde nuestras cargas salen, y tambi\u00e9n los puertos del Pac\u00edfico. Por eso potenciamos el paso de San Francisco\u201d.<\/p>\n<\/blockquote>\n\n\n\n<p>La funcionaria remarc\u00f3 que la reuni\u00f3n permiti\u00f3 definir acciones concretas para reducir costos log\u00edsticos y mejorar el acceso de las empresas tucumanas a los puertos. \u201cQueremos que Tucum\u00e1n tambi\u00e9n tenga estos beneficios y que nuestras exportaciones tengan una din\u00e1mica m\u00e1s f\u00e1cil\u201d, afirm\u00f3.<\/p>\n\n\n\n<p>Por su parte, el ministro santafesino Puccini sostuvo que \u201ccon el mandato del gobernador&nbsp;<strong>Maximiliano Pullaro<\/strong>, Santa Fe est\u00e1 ofreciendo la log\u00edstica y la infraestructura que necesitan muchas provincias, como Tucum\u00e1n. Tenemos nuestros puertos y los aeropuertos que cuentan con herramientas para poder exportar. De esta forma, entendemos que va a haber una baja de tiempos, de costos, log\u00edsticos, porque exportar por la provincia de Buenos Aires hace que la producci\u00f3n tucumana tenga que transportarse de manera terrestre casi 400 kil\u00f3metros m\u00e1s\u201d.<\/p>\n\n\n\n<p>Asimismo, el funcionario anunci\u00f3 que al puerto de Rosario \u201cllegar\u00e1n a operar las tres navieras m\u00e1s importantes del mundo, con una frecuencia semanal y que tienen una escala en Brasil, con una llegada directa a, por ejemplo, Asia, servicio que antes no ten\u00edamos\u201d.&nbsp;<\/p>\n\n\n\n<blockquote class=\"wp-block-quote is-layout-flow wp-block-quote-is-layout-flow\">\n<p>\u201cTucum\u00e1n produce mucho y Santa Fe puede conectarlo a una vinculaci\u00f3n directa con la hidrov\u00eda en un trabajo conjunto. Nuestra provincia est\u00e1 dispuesta a colaborar en estudios log\u00edsticos, por eso vinieron los equipos para ofrecerles una apoyatura log\u00edstica integral y que les sirva para, precisamente, el sector productivo bajar costos\u201d, inform\u00f3.&nbsp;<\/p>\n<\/blockquote>\n\n\n\n<p>Por su parte, Claudia Giaccone, subsecretaria de Integraci\u00f3n Regional del Ministerio de Gobierno e Innovaci\u00f3n de Santa Fe, explic\u00f3 que el encuentro respondi\u00f3 a demandas planteadas por Tucum\u00e1n en instancias previas de trabajo conjunto. \u201cEn principio esta primera reuni\u00f3n ha sido presentar a los ministros de Gobierno y Econom\u00eda la delegaci\u00f3n que hoy traemos de Santa Fe, proponiendo las ventajas y los servicios que tienen nuestros puertos, privados como p\u00fablicos, para toda la producci\u00f3n y las empresas exportadoras de esta provincia\u201d, sostuvo.<\/p>\n\n\n\n<figure class=\"wp-block-image size-large\"><img decoding=\"async\" src=\"https:\/\/masquenoticiastucuman.com.ar\/wp-content\/uploads\/2025\/09\/250919104004_77469-1024x682.jpeg\" alt=\"\" class=\"wp-image-46242\" \/><\/figure>\n\n\n\n<p>Giaccone se\u00f1al\u00f3 que Santa Fe busca integrar a Tucum\u00e1n a las facilidades log\u00edsticas ya vigentes para otras provincias. En esa l\u00ednea indic\u00f3: \u201cNuestro gobierno, el gobernador Maximiliano Pullaro ha tomado una fuerte decisi\u00f3n pol\u00edtica de trabajar los puertos vinculados al sector productivo, incluso sacarlos del Ministerio de Obras P\u00fablicas, ponerlos en el Ministerio de Desarrollo Productivo, vincularlos a la log\u00edstica y generar un polo de desarrollo que les sirva a una amplia regi\u00f3n interior de nuestra Rep\u00fablica Argentina\u201d.<\/p>\n\n\n\n<p>La agenda incluy\u00f3 encuentros con despachantes de aduana, representantes de c\u00e1maras empresarias y sectores exportadores de legumbres, az\u00facar, lim\u00f3n y fruta fina. Las autoridades de ambas provincias coincidieron en que la articulaci\u00f3n p\u00fablico-privada permitir\u00e1 dise\u00f1ar propuestas espec\u00edficas para las necesidades log\u00edsticas de Tucum\u00e1n.<\/p>\n\n\n\n<p>Este intercambio marc\u00f3 un paso relevante hacia la integraci\u00f3n regional y la optimizaci\u00f3n de los costos de exportaci\u00f3n, y destac\u00f3 la continuidad del trabajo conjunto entre Tucum\u00e1n y Santa Fe para fortalecer la infraestructura y los servicios al sector productivo.<\/p>\n","protected":false},"excerpt":{"rendered":"<p>Ministros y funcionarios de ambas provincias avanzaron en un plan de integraci\u00f3n que busca mejorar&#8230;<\/p>\n","protected":false},"author":2,"featured_media":0,"comment_status":"open","ping_status":"open","sticky":false,"template":"","format":"standard","meta":{"footnotes":""},"categories":[2],"tags":[],"class_list":["post-46241","post","type-post","status-publish","format-standard","hentry","category-locales"],"_links":{"self":[{"href":"https:\/\/masquenoticiastucuman.com.ar\/index.php?rest_route=\/wp\/v2\/posts\/46241","targetHints":{"allow":["GET"]}}],"collection":[{"href":"https:\/\/masquenoticiastucuman.com.ar\/index.php?rest_route=\/wp\/v2\/posts"}],"about":[{"href":"https:\/\/masquenoticiastucuman.com.ar\/index.php?rest_route=\/wp\/v2\/types\/post"}],"author":[{"embeddable":true,"href":"https:\/\/masquenoticiastucuman.com.ar\/index.php?rest_route=\/wp\/v2\/users\/2"}],"replies":[{"embeddable":true,"href":"https:\/\/masquenoticiastucuman.com.ar\/index.php?rest_route=%2Fwp%2Fv2%2Fcomments&post=46241"}],"version-history":[{"count":1,"href":"https:\/\/masquenoticiastucuman.com.ar\/index.php?rest_route=\/wp\/v2\/posts\/46241\/revisions"}],"predecessor-version":[{"id":46244,"href":"https:\/\/masquenoticiastucuman.com.ar\/index.php?rest_route=\/wp\/v2\/posts\/46241\/revisions\/46244"}],"wp:attachment":[{"href":"https:\/\/masquenoticiastucuman.com.ar\/index.php?rest_route=%2Fwp%2Fv2%2Fmedia&parent=46241"}],"wp:term":[{"taxonomy":"category","embeddable":true,"href":"https:\/\/masquenoticiastucuman.com.ar\/index.php?rest_route=%2Fwp%2Fv2%2Fcategories&post=46241"},{"taxonomy":"post_tag","embeddable":true,"href":"https:\/\/masquenoticiastucuman.com.ar\/index.php?rest_route=%2Fwp%2Fv2%2Ftags&post=46241"}],"curies":[{"name":"wp","href":"https:\/\/api.w.org\/{rel}","templated":true}]}}