{"id":46245,"date":"2025-09-19T10:59:59","date_gmt":"2025-09-19T13:59:59","guid":{"rendered":"https:\/\/masquenoticiastucuman.com.ar\/?p=46245"},"modified":"2025-09-19T11:00:00","modified_gmt":"2025-09-19T14:00:00","slug":"jaldo-reafirmo-el-compromiso-del-gobierno-provincial-frente-al-bullying-escolar","status":"publish","type":"post","link":"https:\/\/masquenoticiastucuman.com.ar\/?p=46245","title":{"rendered":"Jaldo reafirm\u00f3 el compromiso del Gobierno provincial frente al bullying escolar"},"content":{"rendered":"\n<p>El Primer Mandatario destac\u00f3 el trabajo articulado entre el sistema educativo y la justicia para abordar los casos en las escuelas.<\/p>\n\n\n\n<p id=\"isPasted\">El gobernador,&nbsp;<strong>O<\/strong><strong>svaldo Jaldo<\/strong>, abord\u00f3 la problem\u00e1tica del bullying en las instituciones educativas de la provincia, destacando la pronta reacci\u00f3n del gobierno frente a estos casos y el trabajo conjunto con las autoridades judiciales y educativas.<\/p>\n\n\n\n<p>&#8220;El gobierno siempre ha tenido una reacci\u00f3n muy r\u00e1pida ante los problemas en los establecimientos educativos&#8221;, asegur\u00f3 Jaldo, al referirse a intervenciones previas para frenar peleas entre estudiantes, en particular en lugares p\u00fablicos como la Plaza Urquiza y Plaza Independencia. <\/p>\n\n\n\n<p>En ese contexto, record\u00f3 que estas peleas, que involucraban armas blancas, hab\u00edan dejado incluso v\u00edctimas fatales en a\u00f1os anteriores. Ante esta situaci\u00f3n, el gobierno provincial actu\u00f3 de manera inmediata, logrando detener estos hechos de violencia en un plazo de 48 horas, a pesar de las cr\u00edticas de constitucionalistas sobre la legalidad de las medidas implementadas.<\/p>\n\n\n\n<p>En cuanto al bullying escolar, el gobernador destac\u00f3 que la respuesta del gobierno sigue siendo la misma. &#8220;Las autoridades educativas y judiciales est\u00e1n trabajando juntas en este tema&#8221;, indic\u00f3 Jaldo, quien agreg\u00f3 que la situaci\u00f3n puede ser m\u00e1s compleja de lo que se refleja en los medios. En este sentido, enfatiz\u00f3 la importancia de esperar el avance de las investigaciones judiciales, que est\u00e1n profundizando en cada uno de los casos.<\/p>\n\n\n\n<p>Finalmente, Jaldo reafirm\u00f3 el compromiso del gobierno con las familias afectadas. &#8220;La decisi\u00f3n es frenar, la decisi\u00f3n es acompa\u00f1ar al pap\u00e1, a la mam\u00e1&#8221;, concluy\u00f3, subrayando la importancia de apoyar a los estudiantes y sus familias en la lucha contra el acoso escolar.<\/p>\n","protected":false},"excerpt":{"rendered":"<p>El Primer Mandatario destac\u00f3 el trabajo articulado entre el sistema educativo y la justicia para&#8230;<\/p>\n","protected":false},"author":2,"featured_media":0,"comment_status":"open","ping_status":"open","sticky":false,"template":"","format":"standard","meta":{"footnotes":""},"categories":[2],"tags":[],"class_list":["post-46245","post","type-post","status-publish","format-standard","hentry","category-locales"],"_links":{"self":[{"href":"https:\/\/masquenoticiastucuman.com.ar\/index.php?rest_route=\/wp\/v2\/posts\/46245","targetHints":{"allow":["GET"]}}],"collection":[{"href":"https:\/\/masquenoticiastucuman.com.ar\/index.php?rest_route=\/wp\/v2\/posts"}],"about":[{"href":"https:\/\/masquenoticiastucuman.com.ar\/index.php?rest_route=\/wp\/v2\/types\/post"}],"author":[{"embeddable":true,"href":"https:\/\/masquenoticiastucuman.com.ar\/index.php?rest_route=\/wp\/v2\/users\/2"}],"replies":[{"embeddable":true,"href":"https:\/\/masquenoticiastucuman.com.ar\/index.php?rest_route=%2Fwp%2Fv2%2Fcomments&post=46245"}],"version-history":[{"count":1,"href":"https:\/\/masquenoticiastucuman.com.ar\/index.php?rest_route=\/wp\/v2\/posts\/46245\/revisions"}],"predecessor-version":[{"id":46247,"href":"https:\/\/masquenoticiastucuman.com.ar\/index.php?rest_route=\/wp\/v2\/posts\/46245\/revisions\/46247"}],"wp:attachment":[{"href":"https:\/\/masquenoticiastucuman.com.ar\/index.php?rest_route=%2Fwp%2Fv2%2Fmedia&parent=46245"}],"wp:term":[{"taxonomy":"category","embeddable":true,"href":"https:\/\/masquenoticiastucuman.com.ar\/index.php?rest_route=%2Fwp%2Fv2%2Fcategories&post=46245"},{"taxonomy":"post_tag","embeddable":true,"href":"https:\/\/masquenoticiastucuman.com.ar\/index.php?rest_route=%2Fwp%2Fv2%2Ftags&post=46245"}],"curies":[{"name":"wp","href":"https:\/\/api.w.org\/{rel}","templated":true}]}}