{"id":46269,"date":"2025-09-19T14:01:03","date_gmt":"2025-09-19T17:01:03","guid":{"rendered":"http:\/\/masquenoticiastucuman.com.ar\/?p=46269"},"modified":"2025-09-19T14:01:03","modified_gmt":"2025-09-19T17:01:03","slug":"edinson-cavani-baja-en-boca-contra-central-cordoba-por-lesion-que-pierde-y-que-gana-el-equipo-de-russo-sin-el-uruguayo","status":"publish","type":"post","link":"https:\/\/masquenoticiastucuman.com.ar\/?p=46269","title":{"rendered":"Edinson Cavani, baja en Boca contra Central C\u00f3rdoba por lesi\u00f3n: \u00bfqu\u00e9 pierde y qu\u00e9 gana el equipo de Russo sin el uruguayo?"},"content":{"rendered":"<ul>\n<li>El Matador estar\u00e1 ausente este domingo en la Bombonera contra los santiague\u00f1os.<\/li>\n<li>El club inform\u00f3 que padece una distensi\u00f3n en un m\u00fasculo lumbar.<\/li>\n<li>Qui\u00e9n podr\u00eda reemplazarlo: \u00bfel DT apunta a otro 9 o cambia el esquema?<\/li>\n<\/ul>","protected":false},"excerpt":{"rendered":"<p>El Matador estar\u00e1 ausente este domingo en la Bombonera contra los santiague\u00f1os. El club inform\u00f3&#8230;<\/p>\n","protected":false},"author":1,"featured_media":0,"comment_status":"open","ping_status":"open","sticky":false,"template":"","format":"standard","meta":{"footnotes":""},"categories":[6],"tags":[],"class_list":["post-46269","post","type-post","status-publish","format-standard","hentry","category-deportes"],"_links":{"self":[{"href":"https:\/\/masquenoticiastucuman.com.ar\/index.php?rest_route=\/wp\/v2\/posts\/46269","targetHints":{"allow":["GET"]}}],"collection":[{"href":"https:\/\/masquenoticiastucuman.com.ar\/index.php?rest_route=\/wp\/v2\/posts"}],"about":[{"href":"https:\/\/masquenoticiastucuman.com.ar\/index.php?rest_route=\/wp\/v2\/types\/post"}],"author":[{"embeddable":true,"href":"https:\/\/masquenoticiastucuman.com.ar\/index.php?rest_route=\/wp\/v2\/users\/1"}],"replies":[{"embeddable":true,"href":"https:\/\/masquenoticiastucuman.com.ar\/index.php?rest_route=%2Fwp%2Fv2%2Fcomments&post=46269"}],"version-history":[{"count":0,"href":"https:\/\/masquenoticiastucuman.com.ar\/index.php?rest_route=\/wp\/v2\/posts\/46269\/revisions"}],"wp:attachment":[{"href":"https:\/\/masquenoticiastucuman.com.ar\/index.php?rest_route=%2Fwp%2Fv2%2Fmedia&parent=46269"}],"wp:term":[{"taxonomy":"category","embeddable":true,"href":"https:\/\/masquenoticiastucuman.com.ar\/index.php?rest_route=%2Fwp%2Fv2%2Fcategories&post=46269"},{"taxonomy":"post_tag","embeddable":true,"href":"https:\/\/masquenoticiastucuman.com.ar\/index.php?rest_route=%2Fwp%2Fv2%2Ftags&post=46269"}],"curies":[{"name":"wp","href":"https:\/\/api.w.org\/{rel}","templated":true}]}}