{"id":46285,"date":"2025-09-19T17:01:03","date_gmt":"2025-09-19T20:01:03","guid":{"rendered":"http:\/\/masquenoticiastucuman.com.ar\/?p=46285"},"modified":"2025-09-19T17:01:03","modified_gmt":"2025-09-19T20:01:03","slug":"flamengo-sigue-con-la-polemica-con-estudiantes-en-la-libertadores-ahora-afirma-que-la-conmebol-anulo-la-expulsion-a-gonzalo-plata","status":"publish","type":"post","link":"https:\/\/masquenoticiastucuman.com.ar\/?p=46285","title":{"rendered":"Flamengo sigue con la pol\u00e9mica con Estudiantes en la Libertadores: ahora afirma que la Conmebol anul\u00f3 la expulsi\u00f3n a Gonzalo Plata"},"content":{"rendered":"<ul>\n<li>As\u00ed lo inform\u00f3 a trav\u00e9s de un comunicado en su p\u00e1gina web, anticip\u00e1ndose a un anuncio oficial.<\/li>\n<li>M\u00e1s temprano, luego de que el VAR le dio la derecha, hab\u00eda avisado que iba a presentar un reclamo.<\/li>\n<li>De esta maneral el atacante ecuatoriano podr\u00eda jugar la revancha contra el Pincha en La Plata.<\/li>\n<\/ul>","protected":false},"excerpt":{"rendered":"<p>As\u00ed lo inform\u00f3 a trav\u00e9s de un comunicado en su p\u00e1gina web, anticip\u00e1ndose a un&#8230;<\/p>\n","protected":false},"author":1,"featured_media":0,"comment_status":"open","ping_status":"open","sticky":false,"template":"","format":"standard","meta":{"footnotes":""},"categories":[6],"tags":[],"class_list":["post-46285","post","type-post","status-publish","format-standard","hentry","category-deportes"],"_links":{"self":[{"href":"https:\/\/masquenoticiastucuman.com.ar\/index.php?rest_route=\/wp\/v2\/posts\/46285","targetHints":{"allow":["GET"]}}],"collection":[{"href":"https:\/\/masquenoticiastucuman.com.ar\/index.php?rest_route=\/wp\/v2\/posts"}],"about":[{"href":"https:\/\/masquenoticiastucuman.com.ar\/index.php?rest_route=\/wp\/v2\/types\/post"}],"author":[{"embeddable":true,"href":"https:\/\/masquenoticiastucuman.com.ar\/index.php?rest_route=\/wp\/v2\/users\/1"}],"replies":[{"embeddable":true,"href":"https:\/\/masquenoticiastucuman.com.ar\/index.php?rest_route=%2Fwp%2Fv2%2Fcomments&post=46285"}],"version-history":[{"count":0,"href":"https:\/\/masquenoticiastucuman.com.ar\/index.php?rest_route=\/wp\/v2\/posts\/46285\/revisions"}],"wp:attachment":[{"href":"https:\/\/masquenoticiastucuman.com.ar\/index.php?rest_route=%2Fwp%2Fv2%2Fmedia&parent=46285"}],"wp:term":[{"taxonomy":"category","embeddable":true,"href":"https:\/\/masquenoticiastucuman.com.ar\/index.php?rest_route=%2Fwp%2Fv2%2Fcategories&post=46285"},{"taxonomy":"post_tag","embeddable":true,"href":"https:\/\/masquenoticiastucuman.com.ar\/index.php?rest_route=%2Fwp%2Fv2%2Ftags&post=46285"}],"curies":[{"name":"wp","href":"https:\/\/api.w.org\/{rel}","templated":true}]}}