{"id":46295,"date":"2025-09-19T19:01:02","date_gmt":"2025-09-19T22:01:02","guid":{"rendered":"http:\/\/masquenoticiastucuman.com.ar\/?p=46295"},"modified":"2025-09-19T19:01:02","modified_gmt":"2025-09-19T22:01:02","slug":"pablo-aimar-participo-del-congreso-crea-2025-el-momento-que-lionel-scaloni-tomo-la-decision-de-dirigir-a-la-seleccion-y-como-sostiene-la-motivacion-del-grupo","status":"publish","type":"post","link":"https:\/\/masquenoticiastucuman.com.ar\/?p=46295","title":{"rendered":"Pablo Aimar particip\u00f3 del Congreso CREA 2025: el momento que Lionel Scaloni tom\u00f3 la decisi\u00f3n de dirigir a la selecci\u00f3n y c\u00f3mo sostiene la motivaci\u00f3n del grupo"},"content":{"rendered":"<ul>\n<li>El exfutbolista estuvo en Tecn\u00f3polis y comparti\u00f3 c\u00f3mo se gest\u00f3 el cuerpo t\u00e9cnico campe\u00f3n del mundo.<\/li>\n<\/ul>","protected":false},"excerpt":{"rendered":"<p>El exfutbolista estuvo en Tecn\u00f3polis y comparti\u00f3 c\u00f3mo se gest\u00f3 el cuerpo t\u00e9cnico campe\u00f3n del&#8230;<\/p>\n","protected":false},"author":1,"featured_media":0,"comment_status":"open","ping_status":"open","sticky":false,"template":"","format":"standard","meta":{"footnotes":""},"categories":[],"tags":[],"class_list":["post-46295","post","type-post","status-publish","format-standard","hentry"],"_links":{"self":[{"href":"https:\/\/masquenoticiastucuman.com.ar\/index.php?rest_route=\/wp\/v2\/posts\/46295","targetHints":{"allow":["GET"]}}],"collection":[{"href":"https:\/\/masquenoticiastucuman.com.ar\/index.php?rest_route=\/wp\/v2\/posts"}],"about":[{"href":"https:\/\/masquenoticiastucuman.com.ar\/index.php?rest_route=\/wp\/v2\/types\/post"}],"author":[{"embeddable":true,"href":"https:\/\/masquenoticiastucuman.com.ar\/index.php?rest_route=\/wp\/v2\/users\/1"}],"replies":[{"embeddable":true,"href":"https:\/\/masquenoticiastucuman.com.ar\/index.php?rest_route=%2Fwp%2Fv2%2Fcomments&post=46295"}],"version-history":[{"count":0,"href":"https:\/\/masquenoticiastucuman.com.ar\/index.php?rest_route=\/wp\/v2\/posts\/46295\/revisions"}],"wp:attachment":[{"href":"https:\/\/masquenoticiastucuman.com.ar\/index.php?rest_route=%2Fwp%2Fv2%2Fmedia&parent=46295"}],"wp:term":[{"taxonomy":"category","embeddable":true,"href":"https:\/\/masquenoticiastucuman.com.ar\/index.php?rest_route=%2Fwp%2Fv2%2Fcategories&post=46295"},{"taxonomy":"post_tag","embeddable":true,"href":"https:\/\/masquenoticiastucuman.com.ar\/index.php?rest_route=%2Fwp%2Fv2%2Ftags&post=46295"}],"curies":[{"name":"wp","href":"https:\/\/api.w.org\/{rel}","templated":true}]}}