{"id":46303,"date":"2025-09-19T20:01:02","date_gmt":"2025-09-19T23:01:02","guid":{"rendered":"http:\/\/masquenoticiastucuman.com.ar\/?p=46303"},"modified":"2025-09-19T20:01:02","modified_gmt":"2025-09-19T23:01:02","slug":"conflicto-en-river-ian-subiabre-no-firmo-la-renovacion-lo-bajaron-del-avion-a-tucuman-y-no-lo-ceden-para-jugar-el-mundial-sub-20-de-chile","status":"publish","type":"post","link":"https:\/\/masquenoticiastucuman.com.ar\/?p=46303","title":{"rendered":"Conflicto en River: Ian Subiabre no firm\u00f3 la renovaci\u00f3n, lo bajaron del avi\u00f3n a Tucum\u00e1n y no lo ceden para jugar el Mundial Sub 20 de Chile"},"content":{"rendered":"<ul>\n<li>Jorge Brito tom\u00f3 la decisi\u00f3n ante la negativa del futbolista de renovar el v\u00ednculo que vence en diciembre de 2026.<\/li>\n<li>El representante del joven delantero chubutense es Claudio Paul Caniggia.<\/li>\n<li>La negociaci\u00f3n entre ambas partes por ahora est\u00e1 estancada.<\/li>\n<\/ul>","protected":false},"excerpt":{"rendered":"<p>Jorge Brito tom\u00f3 la decisi\u00f3n ante la negativa del futbolista de renovar el v\u00ednculo que&#8230;<\/p>\n","protected":false},"author":1,"featured_media":0,"comment_status":"open","ping_status":"open","sticky":false,"template":"","format":"standard","meta":{"footnotes":""},"categories":[6],"tags":[],"class_list":["post-46303","post","type-post","status-publish","format-standard","hentry","category-deportes"],"_links":{"self":[{"href":"https:\/\/masquenoticiastucuman.com.ar\/index.php?rest_route=\/wp\/v2\/posts\/46303","targetHints":{"allow":["GET"]}}],"collection":[{"href":"https:\/\/masquenoticiastucuman.com.ar\/index.php?rest_route=\/wp\/v2\/posts"}],"about":[{"href":"https:\/\/masquenoticiastucuman.com.ar\/index.php?rest_route=\/wp\/v2\/types\/post"}],"author":[{"embeddable":true,"href":"https:\/\/masquenoticiastucuman.com.ar\/index.php?rest_route=\/wp\/v2\/users\/1"}],"replies":[{"embeddable":true,"href":"https:\/\/masquenoticiastucuman.com.ar\/index.php?rest_route=%2Fwp%2Fv2%2Fcomments&post=46303"}],"version-history":[{"count":0,"href":"https:\/\/masquenoticiastucuman.com.ar\/index.php?rest_route=\/wp\/v2\/posts\/46303\/revisions"}],"wp:attachment":[{"href":"https:\/\/masquenoticiastucuman.com.ar\/index.php?rest_route=%2Fwp%2Fv2%2Fmedia&parent=46303"}],"wp:term":[{"taxonomy":"category","embeddable":true,"href":"https:\/\/masquenoticiastucuman.com.ar\/index.php?rest_route=%2Fwp%2Fv2%2Fcategories&post=46303"},{"taxonomy":"post_tag","embeddable":true,"href":"https:\/\/masquenoticiastucuman.com.ar\/index.php?rest_route=%2Fwp%2Fv2%2Ftags&post=46303"}],"curies":[{"name":"wp","href":"https:\/\/api.w.org\/{rel}","templated":true}]}}