{"id":46315,"date":"2025-09-19T23:01:03","date_gmt":"2025-09-20T02:01:03","guid":{"rendered":"http:\/\/masquenoticiastucuman.com.ar\/?p=46315"},"modified":"2025-09-19T23:01:03","modified_gmt":"2025-09-20T02:01:03","slug":"independiente-gustavo-quinteros-firmo-su-contrato-es-el-nuevo-entrenador-y-debutara-ante-racing","status":"publish","type":"post","link":"https:\/\/masquenoticiastucuman.com.ar\/?p=46315","title":{"rendered":"Independiente: Gustavo Quinteros firm\u00f3 su contrato, es el nuevo entrenador y debutar\u00e1 ante Racing"},"content":{"rendered":"<ul>\n<li>El director t\u00e9cnico campe\u00f3n con V\u00e9lez firm\u00f3 hasta diciembre de 2026.<\/li>\n<li>De esta manera, se convirti\u00f3 en el sucesor de Julio Vaccari.<\/li>\n<li>No estar\u00e1 el fin de semana frente a San Lorenzo pero se pondr\u00e1 al frente de cara al partido en el Cilindro con la Academia.<\/li>\n<\/ul>","protected":false},"excerpt":{"rendered":"<p>El director t\u00e9cnico campe\u00f3n con V\u00e9lez firm\u00f3 hasta diciembre de 2026. De esta manera, se&#8230;<\/p>\n","protected":false},"author":1,"featured_media":0,"comment_status":"open","ping_status":"open","sticky":false,"template":"","format":"standard","meta":{"footnotes":""},"categories":[6],"tags":[],"class_list":["post-46315","post","type-post","status-publish","format-standard","hentry","category-deportes"],"_links":{"self":[{"href":"https:\/\/masquenoticiastucuman.com.ar\/index.php?rest_route=\/wp\/v2\/posts\/46315","targetHints":{"allow":["GET"]}}],"collection":[{"href":"https:\/\/masquenoticiastucuman.com.ar\/index.php?rest_route=\/wp\/v2\/posts"}],"about":[{"href":"https:\/\/masquenoticiastucuman.com.ar\/index.php?rest_route=\/wp\/v2\/types\/post"}],"author":[{"embeddable":true,"href":"https:\/\/masquenoticiastucuman.com.ar\/index.php?rest_route=\/wp\/v2\/users\/1"}],"replies":[{"embeddable":true,"href":"https:\/\/masquenoticiastucuman.com.ar\/index.php?rest_route=%2Fwp%2Fv2%2Fcomments&post=46315"}],"version-history":[{"count":0,"href":"https:\/\/masquenoticiastucuman.com.ar\/index.php?rest_route=\/wp\/v2\/posts\/46315\/revisions"}],"wp:attachment":[{"href":"https:\/\/masquenoticiastucuman.com.ar\/index.php?rest_route=%2Fwp%2Fv2%2Fmedia&parent=46315"}],"wp:term":[{"taxonomy":"category","embeddable":true,"href":"https:\/\/masquenoticiastucuman.com.ar\/index.php?rest_route=%2Fwp%2Fv2%2Fcategories&post=46315"},{"taxonomy":"post_tag","embeddable":true,"href":"https:\/\/masquenoticiastucuman.com.ar\/index.php?rest_route=%2Fwp%2Fv2%2Ftags&post=46315"}],"curies":[{"name":"wp","href":"https:\/\/api.w.org\/{rel}","templated":true}]}}