{"id":46325,"date":"2025-09-20T07:01:02","date_gmt":"2025-09-20T10:01:02","guid":{"rendered":"http:\/\/masquenoticiastucuman.com.ar\/?p=46325"},"modified":"2025-09-20T07:01:02","modified_gmt":"2025-09-20T10:01:02","slug":"fernando-de-nevares-cuando-nos-transformamos-transformamos-la-argentina","status":"publish","type":"post","link":"https:\/\/masquenoticiastucuman.com.ar\/?p=46325","title":{"rendered":"Fernando de Nevares: \u201cCuando nos transformamos, transformamos la Argentina\u201d"},"content":{"rendered":"<ul>\n<li>El presidente de CREA dej\u00f3 un mensaje enfocado en la conexi\u00f3n, el liderazgo y la vocaci\u00f3n de servicio del movimiento.<\/li>\n<li>Reivindic\u00f3 el rol de los grupos como motores de cambio y llam\u00f3 a los productores a asumir un papel protag\u00f3nico en la construcci\u00f3n de un proyecto com\u00fan de pa\u00eds.<\/li>\n<\/ul>","protected":false},"excerpt":{"rendered":"<p>El presidente de CREA dej\u00f3 un mensaje enfocado en la conexi\u00f3n, el liderazgo y la&#8230;<\/p>\n","protected":false},"author":1,"featured_media":0,"comment_status":"open","ping_status":"open","sticky":false,"template":"","format":"standard","meta":{"footnotes":""},"categories":[],"tags":[],"class_list":["post-46325","post","type-post","status-publish","format-standard","hentry"],"_links":{"self":[{"href":"https:\/\/masquenoticiastucuman.com.ar\/index.php?rest_route=\/wp\/v2\/posts\/46325","targetHints":{"allow":["GET"]}}],"collection":[{"href":"https:\/\/masquenoticiastucuman.com.ar\/index.php?rest_route=\/wp\/v2\/posts"}],"about":[{"href":"https:\/\/masquenoticiastucuman.com.ar\/index.php?rest_route=\/wp\/v2\/types\/post"}],"author":[{"embeddable":true,"href":"https:\/\/masquenoticiastucuman.com.ar\/index.php?rest_route=\/wp\/v2\/users\/1"}],"replies":[{"embeddable":true,"href":"https:\/\/masquenoticiastucuman.com.ar\/index.php?rest_route=%2Fwp%2Fv2%2Fcomments&post=46325"}],"version-history":[{"count":0,"href":"https:\/\/masquenoticiastucuman.com.ar\/index.php?rest_route=\/wp\/v2\/posts\/46325\/revisions"}],"wp:attachment":[{"href":"https:\/\/masquenoticiastucuman.com.ar\/index.php?rest_route=%2Fwp%2Fv2%2Fmedia&parent=46325"}],"wp:term":[{"taxonomy":"category","embeddable":true,"href":"https:\/\/masquenoticiastucuman.com.ar\/index.php?rest_route=%2Fwp%2Fv2%2Fcategories&post=46325"},{"taxonomy":"post_tag","embeddable":true,"href":"https:\/\/masquenoticiastucuman.com.ar\/index.php?rest_route=%2Fwp%2Fv2%2Ftags&post=46325"}],"curies":[{"name":"wp","href":"https:\/\/api.w.org\/{rel}","templated":true}]}}