{"id":46329,"date":"2025-09-20T09:01:02","date_gmt":"2025-09-20T12:01:02","guid":{"rendered":"http:\/\/masquenoticiastucuman.com.ar\/?p=46329"},"modified":"2025-09-20T09:01:02","modified_gmt":"2025-09-20T12:01:02","slug":"la-naturaleza-es-amenazada-por-una-produccion-agroalimentaria-de-tipo-industrial","status":"publish","type":"post","link":"https:\/\/masquenoticiastucuman.com.ar\/?p=46329","title":{"rendered":"La naturaleza es amenazada por una producci\u00f3n agroalimentaria de tipo industrial"},"content":{"rendered":"<ul>\n<li>La desaparici\u00f3n de las praderas naturales en norteam\u00e9rica y la degradaci\u00f3n del Amazonas son se\u00f1ales de la necesidad de un cambio radical. <\/li>\n<li>Es necesaria una cuarta Revoluci\u00f3n Industrial que asuma como propias las &#8220;leyes de la vida&#8221;.<\/li>\n<\/ul>","protected":false},"excerpt":{"rendered":"<p>La desaparici\u00f3n de las praderas naturales en norteam\u00e9rica y la degradaci\u00f3n del Amazonas son se\u00f1ales&#8230;<\/p>\n","protected":false},"author":1,"featured_media":0,"comment_status":"open","ping_status":"open","sticky":false,"template":"","format":"standard","meta":{"footnotes":""},"categories":[],"tags":[],"class_list":["post-46329","post","type-post","status-publish","format-standard","hentry"],"_links":{"self":[{"href":"https:\/\/masquenoticiastucuman.com.ar\/index.php?rest_route=\/wp\/v2\/posts\/46329","targetHints":{"allow":["GET"]}}],"collection":[{"href":"https:\/\/masquenoticiastucuman.com.ar\/index.php?rest_route=\/wp\/v2\/posts"}],"about":[{"href":"https:\/\/masquenoticiastucuman.com.ar\/index.php?rest_route=\/wp\/v2\/types\/post"}],"author":[{"embeddable":true,"href":"https:\/\/masquenoticiastucuman.com.ar\/index.php?rest_route=\/wp\/v2\/users\/1"}],"replies":[{"embeddable":true,"href":"https:\/\/masquenoticiastucuman.com.ar\/index.php?rest_route=%2Fwp%2Fv2%2Fcomments&post=46329"}],"version-history":[{"count":0,"href":"https:\/\/masquenoticiastucuman.com.ar\/index.php?rest_route=\/wp\/v2\/posts\/46329\/revisions"}],"wp:attachment":[{"href":"https:\/\/masquenoticiastucuman.com.ar\/index.php?rest_route=%2Fwp%2Fv2%2Fmedia&parent=46329"}],"wp:term":[{"taxonomy":"category","embeddable":true,"href":"https:\/\/masquenoticiastucuman.com.ar\/index.php?rest_route=%2Fwp%2Fv2%2Fcategories&post=46329"},{"taxonomy":"post_tag","embeddable":true,"href":"https:\/\/masquenoticiastucuman.com.ar\/index.php?rest_route=%2Fwp%2Fv2%2Ftags&post=46329"}],"curies":[{"name":"wp","href":"https:\/\/api.w.org\/{rel}","templated":true}]}}