{"id":46335,"date":"2025-09-20T09:01:05","date_gmt":"2025-09-20T12:01:05","guid":{"rendered":"http:\/\/masquenoticiastucuman.com.ar\/?p=46335"},"modified":"2025-09-20T09:01:05","modified_gmt":"2025-09-20T12:01:05","slug":"formula-1-flavio-briatore-volvio-a-hablar-del-segundo-asiento-de-alpine-y-puso-a-paul-aron-como-unico-rival-de-franco-colapinto-para-2026","status":"publish","type":"post","link":"https:\/\/masquenoticiastucuman.com.ar\/?p=46335","title":{"rendered":"F\u00f3rmula 1: Flavio Briatore volvi\u00f3 a hablar del segundo asiento de Alpine y puso a Paul Aron como \u00fanico rival de Franco Colapinto para 2026"},"content":{"rendered":"<ul>\n<li>&#8220;Necesito una o dos carreras m\u00e1s para ver y entender qu\u00e9 es lo mejor para el equipo&#8221;, asegur\u00f3 el empresario italiano, que redujo la b\u00fasqueda a un piloto reserva.<\/li>\n<li>As\u00ed, descart\u00f3 a Jack Doohan y tambi\u00e9n a Yuki Tsunoda, nombre que se hab\u00eda instalado en la prensa europea por estos d\u00edas.<\/li>\n<\/ul>","protected":false},"excerpt":{"rendered":"<p>&#8220;Necesito una o dos carreras m\u00e1s para ver y entender qu\u00e9 es lo mejor para&#8230;<\/p>\n","protected":false},"author":1,"featured_media":0,"comment_status":"open","ping_status":"open","sticky":false,"template":"","format":"standard","meta":{"footnotes":""},"categories":[6],"tags":[],"class_list":["post-46335","post","type-post","status-publish","format-standard","hentry","category-deportes"],"_links":{"self":[{"href":"https:\/\/masquenoticiastucuman.com.ar\/index.php?rest_route=\/wp\/v2\/posts\/46335","targetHints":{"allow":["GET"]}}],"collection":[{"href":"https:\/\/masquenoticiastucuman.com.ar\/index.php?rest_route=\/wp\/v2\/posts"}],"about":[{"href":"https:\/\/masquenoticiastucuman.com.ar\/index.php?rest_route=\/wp\/v2\/types\/post"}],"author":[{"embeddable":true,"href":"https:\/\/masquenoticiastucuman.com.ar\/index.php?rest_route=\/wp\/v2\/users\/1"}],"replies":[{"embeddable":true,"href":"https:\/\/masquenoticiastucuman.com.ar\/index.php?rest_route=%2Fwp%2Fv2%2Fcomments&post=46335"}],"version-history":[{"count":0,"href":"https:\/\/masquenoticiastucuman.com.ar\/index.php?rest_route=\/wp\/v2\/posts\/46335\/revisions"}],"wp:attachment":[{"href":"https:\/\/masquenoticiastucuman.com.ar\/index.php?rest_route=%2Fwp%2Fv2%2Fmedia&parent=46335"}],"wp:term":[{"taxonomy":"category","embeddable":true,"href":"https:\/\/masquenoticiastucuman.com.ar\/index.php?rest_route=%2Fwp%2Fv2%2Fcategories&post=46335"},{"taxonomy":"post_tag","embeddable":true,"href":"https:\/\/masquenoticiastucuman.com.ar\/index.php?rest_route=%2Fwp%2Fv2%2Ftags&post=46335"}],"curies":[{"name":"wp","href":"https:\/\/api.w.org\/{rel}","templated":true}]}}