{"id":46351,"date":"2025-09-20T14:01:02","date_gmt":"2025-09-20T17:01:02","guid":{"rendered":"http:\/\/masquenoticiastucuman.com.ar\/?p=46351"},"modified":"2025-09-20T14:01:02","modified_gmt":"2025-09-20T17:01:02","slug":"f1-gp-de-azerbaiyan-max-verstappen-se-quedo-con-la-pole-tras-una-clasificacion-al-limite-con-record-de-seis-banderas-rojas","status":"publish","type":"post","link":"https:\/\/masquenoticiastucuman.com.ar\/?p=46351","title":{"rendered":"F1 GP de Azerbaiy\u00e1n: Max Verstappen se qued\u00f3 con la pole tras una clasificaci\u00f3n al l\u00edmite con r\u00e9cord de seis banderas rojas"},"content":{"rendered":"<ul>\n<li>El neerland\u00e9s registr\u00f3 el mejor tiempo en el \u00faltimo giro y largar\u00e1 desde adelante.<\/li>\n<li>Adem\u00e1s de Colapinto, chocaron Albon, Bearman, Leclerc y Piastri.<\/li>\n<li>Carlos Sainz (Williams) y Lawson (Racing Bulls) sorprendieron y largar\u00e1n 2\u00b0 y 3\u00b0.<\/li>\n<\/ul>","protected":false},"excerpt":{"rendered":"<p>El neerland\u00e9s registr\u00f3 el mejor tiempo en el \u00faltimo giro y largar\u00e1 desde adelante. Adem\u00e1s&#8230;<\/p>\n","protected":false},"author":1,"featured_media":0,"comment_status":"open","ping_status":"open","sticky":false,"template":"","format":"standard","meta":{"footnotes":""},"categories":[6],"tags":[],"class_list":["post-46351","post","type-post","status-publish","format-standard","hentry","category-deportes"],"_links":{"self":[{"href":"https:\/\/masquenoticiastucuman.com.ar\/index.php?rest_route=\/wp\/v2\/posts\/46351","targetHints":{"allow":["GET"]}}],"collection":[{"href":"https:\/\/masquenoticiastucuman.com.ar\/index.php?rest_route=\/wp\/v2\/posts"}],"about":[{"href":"https:\/\/masquenoticiastucuman.com.ar\/index.php?rest_route=\/wp\/v2\/types\/post"}],"author":[{"embeddable":true,"href":"https:\/\/masquenoticiastucuman.com.ar\/index.php?rest_route=\/wp\/v2\/users\/1"}],"replies":[{"embeddable":true,"href":"https:\/\/masquenoticiastucuman.com.ar\/index.php?rest_route=%2Fwp%2Fv2%2Fcomments&post=46351"}],"version-history":[{"count":0,"href":"https:\/\/masquenoticiastucuman.com.ar\/index.php?rest_route=\/wp\/v2\/posts\/46351\/revisions"}],"wp:attachment":[{"href":"https:\/\/masquenoticiastucuman.com.ar\/index.php?rest_route=%2Fwp%2Fv2%2Fmedia&parent=46351"}],"wp:term":[{"taxonomy":"category","embeddable":true,"href":"https:\/\/masquenoticiastucuman.com.ar\/index.php?rest_route=%2Fwp%2Fv2%2Fcategories&post=46351"},{"taxonomy":"post_tag","embeddable":true,"href":"https:\/\/masquenoticiastucuman.com.ar\/index.php?rest_route=%2Fwp%2Fv2%2Ftags&post=46351"}],"curies":[{"name":"wp","href":"https:\/\/api.w.org\/{rel}","templated":true}]}}