{"id":46384,"date":"2025-09-20T21:01:03","date_gmt":"2025-09-21T00:01:03","guid":{"rendered":"http:\/\/masquenoticiastucuman.com.ar\/?p=46384"},"modified":"2025-09-20T21:01:03","modified_gmt":"2025-09-21T00:01:03","slug":"f1-gp-de-azerbaiyan-con-franco-colapinto-en-vivo-segui-la-carrera-en-baku-este-domingo-21-de-septiembre","status":"publish","type":"post","link":"https:\/\/masquenoticiastucuman.com.ar\/?p=46384","title":{"rendered":"F1 GP de Azerbaiy\u00e1n con Franco Colapinto, EN VIVO: segu\u00ed la carrera en Bak\u00fa este domingo 21 de septiembre"},"content":{"rendered":"<ul>\n<li>El piloto argentino busca cambiar un fin de semana adverso.<\/li>\n<li>Larga desde la 16ta posici\u00f3n tras chocar su Alpine en la clasificaci\u00f3n.<\/li>\n<li>Toda la previa y el minuto a minuto de la carrera de F\u00f3rmula 1.<\/li>\n<\/ul>","protected":false},"excerpt":{"rendered":"<p>El piloto argentino busca cambiar un fin de semana adverso. Larga desde la 16ta posici\u00f3n&#8230;<\/p>\n","protected":false},"author":1,"featured_media":0,"comment_status":"open","ping_status":"open","sticky":false,"template":"","format":"standard","meta":{"footnotes":""},"categories":[6],"tags":[],"class_list":["post-46384","post","type-post","status-publish","format-standard","hentry","category-deportes"],"_links":{"self":[{"href":"https:\/\/masquenoticiastucuman.com.ar\/index.php?rest_route=\/wp\/v2\/posts\/46384","targetHints":{"allow":["GET"]}}],"collection":[{"href":"https:\/\/masquenoticiastucuman.com.ar\/index.php?rest_route=\/wp\/v2\/posts"}],"about":[{"href":"https:\/\/masquenoticiastucuman.com.ar\/index.php?rest_route=\/wp\/v2\/types\/post"}],"author":[{"embeddable":true,"href":"https:\/\/masquenoticiastucuman.com.ar\/index.php?rest_route=\/wp\/v2\/users\/1"}],"replies":[{"embeddable":true,"href":"https:\/\/masquenoticiastucuman.com.ar\/index.php?rest_route=%2Fwp%2Fv2%2Fcomments&post=46384"}],"version-history":[{"count":0,"href":"https:\/\/masquenoticiastucuman.com.ar\/index.php?rest_route=\/wp\/v2\/posts\/46384\/revisions"}],"wp:attachment":[{"href":"https:\/\/masquenoticiastucuman.com.ar\/index.php?rest_route=%2Fwp%2Fv2%2Fmedia&parent=46384"}],"wp:term":[{"taxonomy":"category","embeddable":true,"href":"https:\/\/masquenoticiastucuman.com.ar\/index.php?rest_route=%2Fwp%2Fv2%2Fcategories&post=46384"},{"taxonomy":"post_tag","embeddable":true,"href":"https:\/\/masquenoticiastucuman.com.ar\/index.php?rest_route=%2Fwp%2Fv2%2Ftags&post=46384"}],"curies":[{"name":"wp","href":"https:\/\/api.w.org\/{rel}","templated":true}]}}