{"id":46465,"date":"2025-09-22T08:36:11","date_gmt":"2025-09-22T11:36:11","guid":{"rendered":"https:\/\/masquenoticiastucuman.com.ar\/?p=46465"},"modified":"2025-09-22T08:36:11","modified_gmt":"2025-09-22T11:36:11","slug":"el-comercio-abrira-sus-puertas-con-normalidad-el-miercoles-24-de-septiembre","status":"publish","type":"post","link":"https:\/\/masquenoticiastucuman.com.ar\/?p=46465","title":{"rendered":"\u00a0El comercio abrir\u00e1 sus puertas con normalidad el mi\u00e9rcoles 24 de septiembre"},"content":{"rendered":"\n<p>El lunes 29 de septiembre ser\u00e1 el d\u00eda de descanso por el D\u00eda del Empleado de Comercio<\/p>\n\n\n\n<p>La C\u00e1mara de Comercio anunci\u00f3 que, con motivo de la Batalla de Tucum\u00e1n, el pr\u00f3ximo mi\u00e9rcoles 24 de septiembre, es feriado provincial, por lo cual los locales abrir\u00e1n normalmente.<\/p>\n\n\n\n<figure class=\"wp-block-image size-full\"><img decoding=\"async\" src=\"https:\/\/masquenoticiastucuman.com.ar\/wp-content\/uploads\/2025\/09\/camara-1.png\" alt=\"\" class=\"wp-image-46476\" \/><\/figure>\n\n\n\n<p>En tanto que el viernes 26 de septiembre ser\u00e1 una jornada habitual, sin cortes ni suspensiones o reducciones en la atenci\u00f3n.<\/p>\n\n\n\n<p>Pero, el lunes 29 de septiembre ser\u00e1 el d\u00eda de descanso por el D\u00eda del Empleado de Comercio. Los locales como tiendas, shoppings y supermercados permanecer\u00e1n cerrados.<\/p>\n\n\n\n<figure class=\"wp-block-image size-full\"><img decoding=\"async\" src=\"https:\/\/masquenoticiastucuman.com.ar\/wp-content\/uploads\/2025\/09\/camara-2.png\" alt=\"\" class=\"wp-image-46477\" \/><\/figure>\n","protected":false},"excerpt":{"rendered":"<p>El lunes 29 de septiembre ser\u00e1 el d\u00eda de descanso por el D\u00eda del Empleado&#8230;<\/p>\n","protected":false},"author":2,"featured_media":0,"comment_status":"open","ping_status":"open","sticky":false,"template":"","format":"standard","meta":{"footnotes":""},"categories":[2],"tags":[],"class_list":["post-46465","post","type-post","status-publish","format-standard","hentry","category-locales"],"_links":{"self":[{"href":"https:\/\/masquenoticiastucuman.com.ar\/index.php?rest_route=\/wp\/v2\/posts\/46465","targetHints":{"allow":["GET"]}}],"collection":[{"href":"https:\/\/masquenoticiastucuman.com.ar\/index.php?rest_route=\/wp\/v2\/posts"}],"about":[{"href":"https:\/\/masquenoticiastucuman.com.ar\/index.php?rest_route=\/wp\/v2\/types\/post"}],"author":[{"embeddable":true,"href":"https:\/\/masquenoticiastucuman.com.ar\/index.php?rest_route=\/wp\/v2\/users\/2"}],"replies":[{"embeddable":true,"href":"https:\/\/masquenoticiastucuman.com.ar\/index.php?rest_route=%2Fwp%2Fv2%2Fcomments&post=46465"}],"version-history":[{"count":1,"href":"https:\/\/masquenoticiastucuman.com.ar\/index.php?rest_route=\/wp\/v2\/posts\/46465\/revisions"}],"predecessor-version":[{"id":46479,"href":"https:\/\/masquenoticiastucuman.com.ar\/index.php?rest_route=\/wp\/v2\/posts\/46465\/revisions\/46479"}],"wp:attachment":[{"href":"https:\/\/masquenoticiastucuman.com.ar\/index.php?rest_route=%2Fwp%2Fv2%2Fmedia&parent=46465"}],"wp:term":[{"taxonomy":"category","embeddable":true,"href":"https:\/\/masquenoticiastucuman.com.ar\/index.php?rest_route=%2Fwp%2Fv2%2Fcategories&post=46465"},{"taxonomy":"post_tag","embeddable":true,"href":"https:\/\/masquenoticiastucuman.com.ar\/index.php?rest_route=%2Fwp%2Fv2%2Ftags&post=46465"}],"curies":[{"name":"wp","href":"https:\/\/api.w.org\/{rel}","templated":true}]}}