{"id":46472,"date":"2025-09-22T08:01:03","date_gmt":"2025-09-22T11:01:03","guid":{"rendered":"http:\/\/masquenoticiastucuman.com.ar\/?p=46472"},"modified":"2025-09-22T08:01:03","modified_gmt":"2025-09-22T11:01:03","slug":"balon-de-oro-2025-a-que-hora-y-donde-ver-la-entrega-del-premio-este-22-de-septiembre","status":"publish","type":"post","link":"https:\/\/masquenoticiastucuman.com.ar\/?p=46472","title":{"rendered":"Bal\u00f3n de Oro 2025: a qu\u00e9 hora y d\u00f3nde ver la entrega del premio este 22 de septiembre"},"content":{"rendered":"<ul>\n<li>La ceremonia tendr\u00e1 lugar en el  el hist\u00f3rico Theatre du Chatelet en Par\u00eds.<\/li>\n<li>Ser\u00e1 la primera vez que la gala equiparar\u00e1 galardones de f\u00fatbol masculino y femenino.<\/li>\n<\/ul>","protected":false},"excerpt":{"rendered":"<p>La ceremonia tendr\u00e1 lugar en el el hist\u00f3rico Theatre du Chatelet en Par\u00eds. Ser\u00e1 la&#8230;<\/p>\n","protected":false},"author":1,"featured_media":0,"comment_status":"open","ping_status":"open","sticky":false,"template":"","format":"standard","meta":{"footnotes":""},"categories":[6],"tags":[],"class_list":["post-46472","post","type-post","status-publish","format-standard","hentry","category-deportes"],"_links":{"self":[{"href":"https:\/\/masquenoticiastucuman.com.ar\/index.php?rest_route=\/wp\/v2\/posts\/46472","targetHints":{"allow":["GET"]}}],"collection":[{"href":"https:\/\/masquenoticiastucuman.com.ar\/index.php?rest_route=\/wp\/v2\/posts"}],"about":[{"href":"https:\/\/masquenoticiastucuman.com.ar\/index.php?rest_route=\/wp\/v2\/types\/post"}],"author":[{"embeddable":true,"href":"https:\/\/masquenoticiastucuman.com.ar\/index.php?rest_route=\/wp\/v2\/users\/1"}],"replies":[{"embeddable":true,"href":"https:\/\/masquenoticiastucuman.com.ar\/index.php?rest_route=%2Fwp%2Fv2%2Fcomments&post=46472"}],"version-history":[{"count":0,"href":"https:\/\/masquenoticiastucuman.com.ar\/index.php?rest_route=\/wp\/v2\/posts\/46472\/revisions"}],"wp:attachment":[{"href":"https:\/\/masquenoticiastucuman.com.ar\/index.php?rest_route=%2Fwp%2Fv2%2Fmedia&parent=46472"}],"wp:term":[{"taxonomy":"category","embeddable":true,"href":"https:\/\/masquenoticiastucuman.com.ar\/index.php?rest_route=%2Fwp%2Fv2%2Fcategories&post=46472"},{"taxonomy":"post_tag","embeddable":true,"href":"https:\/\/masquenoticiastucuman.com.ar\/index.php?rest_route=%2Fwp%2Fv2%2Ftags&post=46472"}],"curies":[{"name":"wp","href":"https:\/\/api.w.org\/{rel}","templated":true}]}}