{"id":46486,"date":"2025-09-22T09:13:53","date_gmt":"2025-09-22T12:13:53","guid":{"rendered":"https:\/\/masquenoticiastucuman.com.ar\/?p=46486"},"modified":"2025-09-22T09:13:53","modified_gmt":"2025-09-22T12:13:53","slug":"jaldo-sergio-mansilla-y-elia-fernandez-evaluaron-obras-y-agenda-institucional","status":"publish","type":"post","link":"https:\/\/masquenoticiastucuman.com.ar\/?p=46486","title":{"rendered":"Jaldo, Sergio Mansilla y Elia Fern\u00e1ndez evaluaron obras y agenda institucional"},"content":{"rendered":"\n<p>El Primer Mandatario recibi\u00f3 a los funcionarios en su despacho de Casa de Gobierno.<\/p>\n\n\n\n<p id=\"isPasted\">El gobernador<strong>, Osvaldo Jaldo,&nbsp;<\/strong>se reuni\u00f3 este lunes con el presidente subrogante de la Legislatura,&nbsp;<strong>Sergio Mansilla,<\/strong>&nbsp;y la diputada<strong>&nbsp;Elia Fern\u00e1ndez de Mansilla,&nbsp;<\/strong>en la que abordaron temas de infraestructura y asuntos institucionales relevantes para la provincia.<\/p>\n\n\n\n<blockquote class=\"wp-block-quote is-layout-flow wp-block-quote-is-layout-flow\">\n<p id=\"isPasted\">&#8220;Primero hablamos de algunas obras que est\u00e1n haci\u00e9ndose en el interior de la provincia, espec\u00edficamente una importante que nos toca al departamento de R\u00edo Chico, que es la pavimentaci\u00f3n desde Aguilares a Monte Bello, que son catorce kil\u00f3metros, casi quince&#8221;, expres\u00f3 Mansilla. En ese sentido, remarc\u00f3 que se trata de una obra &#8220;muy importante para todo el departamento&#8221;.<\/p>\n<\/blockquote>\n\n\n\n<p>En el plano institucional, el legislador inform\u00f3 que el gobernador presentar\u00e1 una solicitud de licencia. &#8220;Tambi\u00e9n hablamos, fundamentalmente, ante pedido del vicegobernador, de hacer una sesi\u00f3n extraordinaria por el tema de la licencia que va a pedir Jaldo. Va a estar enviando la nota ahora a la Legislatura&#8221;, confirm\u00f3.<\/p>\n\n\n\n<p>Al referirse a la organizaci\u00f3n del Poder Ejecutivo durante el per\u00edodo de licencia, Mansilla indic\u00f3: &#8220;Seguramente el Gobernador va a dejar de lado el tema institucional para trabajar en lo pol\u00edtico, y el vicegobernador se har\u00e1 cargo de la l\u00ednea sucesoria&#8221;.<\/p>\n","protected":false},"excerpt":{"rendered":"<p>El Primer Mandatario recibi\u00f3 a los funcionarios en su despacho de Casa de Gobierno. El&#8230;<\/p>\n","protected":false},"author":2,"featured_media":0,"comment_status":"open","ping_status":"open","sticky":false,"template":"","format":"standard","meta":{"footnotes":""},"categories":[2],"tags":[],"class_list":["post-46486","post","type-post","status-publish","format-standard","hentry","category-locales"],"_links":{"self":[{"href":"https:\/\/masquenoticiastucuman.com.ar\/index.php?rest_route=\/wp\/v2\/posts\/46486","targetHints":{"allow":["GET"]}}],"collection":[{"href":"https:\/\/masquenoticiastucuman.com.ar\/index.php?rest_route=\/wp\/v2\/posts"}],"about":[{"href":"https:\/\/masquenoticiastucuman.com.ar\/index.php?rest_route=\/wp\/v2\/types\/post"}],"author":[{"embeddable":true,"href":"https:\/\/masquenoticiastucuman.com.ar\/index.php?rest_route=\/wp\/v2\/users\/2"}],"replies":[{"embeddable":true,"href":"https:\/\/masquenoticiastucuman.com.ar\/index.php?rest_route=%2Fwp%2Fv2%2Fcomments&post=46486"}],"version-history":[{"count":1,"href":"https:\/\/masquenoticiastucuman.com.ar\/index.php?rest_route=\/wp\/v2\/posts\/46486\/revisions"}],"predecessor-version":[{"id":46488,"href":"https:\/\/masquenoticiastucuman.com.ar\/index.php?rest_route=\/wp\/v2\/posts\/46486\/revisions\/46488"}],"wp:attachment":[{"href":"https:\/\/masquenoticiastucuman.com.ar\/index.php?rest_route=%2Fwp%2Fv2%2Fmedia&parent=46486"}],"wp:term":[{"taxonomy":"category","embeddable":true,"href":"https:\/\/masquenoticiastucuman.com.ar\/index.php?rest_route=%2Fwp%2Fv2%2Fcategories&post=46486"},{"taxonomy":"post_tag","embeddable":true,"href":"https:\/\/masquenoticiastucuman.com.ar\/index.php?rest_route=%2Fwp%2Fv2%2Ftags&post=46486"}],"curies":[{"name":"wp","href":"https:\/\/api.w.org\/{rel}","templated":true}]}}