{"id":46489,"date":"2025-09-22T09:45:21","date_gmt":"2025-09-22T12:45:21","guid":{"rendered":"https:\/\/masquenoticiastucuman.com.ar\/?p=46489"},"modified":"2025-09-22T09:45:21","modified_gmt":"2025-09-22T12:45:21","slug":"allanamientos-por-robo-incautan-marihuana-en-un-domicilio","status":"publish","type":"post","link":"https:\/\/masquenoticiastucuman.com.ar\/?p=46489","title":{"rendered":"Allanamientos por robo: incautan marihuana en un domicilio"},"content":{"rendered":"\n<p>Estos allanamientos fueron coordinados entre personal de la comisar\u00eda, Divisi\u00f3n Patrulla Motorizada y Digedrop.<\/p>\n\n\n\n<p id=\"isPasted\">A ra\u00edz de una denuncia por robo, efectivos de la Comisar\u00eda Famaill\u00e1 llevaron adelante una investigaci\u00f3n que deriv\u00f3 en el allanamiento a tres moradas que est\u00e1n vinculadas a los presuntos autores del hecho, un tal \u201cCara Gorda\u201d y otro c\u00f3mplice.<\/p>\n\n\n\n<figure class=\"wp-block-image size-large\"><img decoding=\"async\" src=\"https:\/\/masquenoticiastucuman.com.ar\/wp-content\/uploads\/2025\/09\/250922092001_37487-768x1024.jpeg\" alt=\"\" class=\"wp-image-46490\" \/><\/figure>\n\n\n\n<p>Las medidas se registraron en el barrio Lompley, de esa ciudad donde procedieron al secuestro de vestimenta usadas por uno de los delincuentes en el momento del robo y que qued\u00f3 registrado en las c\u00e1maras de seguridad, un celular y dinero en efectivo.<\/p>\n\n\n\n<p>Mientras que, por la nueva causa que surgi\u00f3 por el hallazgo de la marihuana, incautaron seis plantines, dos plantas de mayor tama\u00f1o y envoltorios de marihuana. Todo esto qued\u00f3 bajo la \u00f3rbita del \u00f3rgano judicial de la UFINAR.<\/p>\n\n\n\n<p>Estos allanamientos fueron coordinados entre personal de la comisar\u00eda, Divisi\u00f3n Patrulla Motorizada y Digedrop.<\/p>\n","protected":false},"excerpt":{"rendered":"<p>Estos allanamientos fueron coordinados entre personal de la comisar\u00eda, Divisi\u00f3n Patrulla Motorizada y Digedrop. A&#8230;<\/p>\n","protected":false},"author":2,"featured_media":0,"comment_status":"open","ping_status":"open","sticky":false,"template":"","format":"standard","meta":{"footnotes":""},"categories":[2],"tags":[],"class_list":["post-46489","post","type-post","status-publish","format-standard","hentry","category-locales"],"_links":{"self":[{"href":"https:\/\/masquenoticiastucuman.com.ar\/index.php?rest_route=\/wp\/v2\/posts\/46489","targetHints":{"allow":["GET"]}}],"collection":[{"href":"https:\/\/masquenoticiastucuman.com.ar\/index.php?rest_route=\/wp\/v2\/posts"}],"about":[{"href":"https:\/\/masquenoticiastucuman.com.ar\/index.php?rest_route=\/wp\/v2\/types\/post"}],"author":[{"embeddable":true,"href":"https:\/\/masquenoticiastucuman.com.ar\/index.php?rest_route=\/wp\/v2\/users\/2"}],"replies":[{"embeddable":true,"href":"https:\/\/masquenoticiastucuman.com.ar\/index.php?rest_route=%2Fwp%2Fv2%2Fcomments&post=46489"}],"version-history":[{"count":1,"href":"https:\/\/masquenoticiastucuman.com.ar\/index.php?rest_route=\/wp\/v2\/posts\/46489\/revisions"}],"predecessor-version":[{"id":46492,"href":"https:\/\/masquenoticiastucuman.com.ar\/index.php?rest_route=\/wp\/v2\/posts\/46489\/revisions\/46492"}],"wp:attachment":[{"href":"https:\/\/masquenoticiastucuman.com.ar\/index.php?rest_route=%2Fwp%2Fv2%2Fmedia&parent=46489"}],"wp:term":[{"taxonomy":"category","embeddable":true,"href":"https:\/\/masquenoticiastucuman.com.ar\/index.php?rest_route=%2Fwp%2Fv2%2Fcategories&post=46489"},{"taxonomy":"post_tag","embeddable":true,"href":"https:\/\/masquenoticiastucuman.com.ar\/index.php?rest_route=%2Fwp%2Fv2%2Ftags&post=46489"}],"curies":[{"name":"wp","href":"https:\/\/api.w.org\/{rel}","templated":true}]}}