{"id":46515,"date":"2025-09-22T11:04:56","date_gmt":"2025-09-22T14:04:56","guid":{"rendered":"https:\/\/masquenoticiastucuman.com.ar\/?p=46515"},"modified":"2025-09-22T11:04:56","modified_gmt":"2025-09-22T14:04:56","slug":"un-joven-aparecio-en-su-propio-funeral-y-pego-un-grito-desesperado-estoy-vivo","status":"publish","type":"post","link":"https:\/\/masquenoticiastucuman.com.ar\/?p=46515","title":{"rendered":"Un joven apareci\u00f3 en su propio funeral y peg\u00f3 un grito desesperado: &#8220;\u00a1Estoy vivo!&#8221;"},"content":{"rendered":"\n<p>El hecho desat\u00f3 gritos, llantos y una confusi\u00f3n generalizada entre familiares y vecinos<\/p>\n\n\n\n<p>La investigaci\u00f3n se centra en aclarar la verdadera identidad de la persona fallecida y determinar c\u00f3mo se produjo el error.<\/p>\n\n\n\n<p>Un ins\u00f3lito y estremecedor episodio sacudi\u00f3 a&nbsp;<strong>Villa Carmela, en Yerba Buena<\/strong>, cuando un joven de 22 a\u00f1os irrumpi\u00f3 en medio de su propio velorio y con apenas dos palabras \u201cestoy vivo\u201d, desat\u00f3 gritos, llantos y una confusi\u00f3n generalizada entre familiares y vecinos. La escena, ocurrida el jueves 18 de septiembre, dej\u00f3 al descubierto un error de identificaci\u00f3n y una inc\u00f3gnita a\u00fan sin resolver: \u00bfa qui\u00e9n pertenecen los restos que fueron entregados equivocadamente?<\/p>\n\n\n\n<p>Seg\u00fan inform\u00f3 Contexto, el hecho se origin\u00f3 tras un accidente en la zona del Puente Negro sobre la ruta alternativa que conecta con Alderetes, All\u00ed, un muchacho se arroj\u00f3 debajo de un cami\u00f3n ca\u00f1ero en circunstancias que todav\u00eda se investigan.<\/p>\n\n\n\n<p>El fiscal&nbsp;<strong>Carlos Sale<\/strong>&nbsp;hab\u00eda caratulado el caso como homicidio culposo, aunque las primeras pericias apuntaban a un posible suicidio.<\/p>\n\n\n\n<p>Tras el hallazgo del cuerpo, una mujer de Villa Carmela se present\u00f3 en la comisar\u00eda de Alderetes y asegur\u00f3 que se trataba de su hijo. &nbsp;El jefe de la Unidad Regional Este,&nbsp;<strong>Carlos Daniel Ruiz<\/strong>, confirm\u00f3 que la mujer reconoci\u00f3 los restos, por lo que la Justicia autoriz\u00f3 la entrega del cuerpo<\/p>\n\n\n\n<p>Con esa validaci\u00f3n, el ata\u00fad fue velado en la vivienda familiar. Pero en plena ceremonia, el joven supuestamente apareci\u00f3 y rompi\u00f3 el silencio con un estremecedor \u201cestoy vivo\u201d. \u201cHubo un lio tremendo, muchos se espantaron, otros gritaron y lloraron. La verdad es que quedamos helados\u201d, relat\u00f3&nbsp;<strong>Ana Laura<\/strong>, una vecina que presenci\u00f3 la escena.<\/p>\n\n\n\n<p>El propio joven declar\u00f3 luego que hab\u00eda estado en Alderetes consumiendo drogas y que desconoc\u00eda que su familia lo hab\u00eda dado por muerto. &#8220;Es la realidad que viven las madres de los j\u00f3venes que son adictos. Se van de la casa diciendo que har\u00e1n un tr\u00e1mite y no vuelven m\u00e1s. Uno nunca sabe si est\u00e1n vivos&#8221;, sostuvo otra vecina,&nbsp;<strong>Mar\u00eda Laura Garc\u00eda<\/strong>, reflejando el trasfondo social de la confusi\u00f3n.<\/p>\n\n\n\n<p>Ante lo sucedido, el fiscal orden\u00f3 que el cuerpo entregado err\u00f3neamente fuera trasladado a la&nbsp;<strong>Morgue Judicial<\/strong>, donde permanece sin identificar desde hace m\u00e1s de tres d\u00edas.<\/p>\n\n\n\n<p>Ahora, la investigaci\u00f3n se centra en dos frentes:&nbsp;<strong>aclarar la verdadera identidad de la persona fallecida<\/strong>&nbsp;y determinar c\u00f3mo se produjo el error que deriv\u00f3 en un velorio que termin\u00f3 en una escena ins\u00f3lita.<\/p>\n\n\n\n<p><a rel=\"noreferrer noopener\" target=\"_blank\" href=\"https:\/\/www.radiobicentenario.com.ar\/banner\/clicktag\/MjJ8fHxodHRwczovL3d3dy5wYXJxdWVzYW5hZ3VzdGluLmNvbS5hci8\/dXRtX3NvdXJjZT1yZWZlcnJhbCZ1dG1fbWVkaXVtPXJhZGlvJnV0bV9jYW1wYWlnbj1iZW5lZmlj\"><\/a><\/p>\n","protected":false},"excerpt":{"rendered":"<p>El hecho desat\u00f3 gritos, llantos y una confusi\u00f3n generalizada entre familiares y vecinos La investigaci\u00f3n&#8230;<\/p>\n","protected":false},"author":2,"featured_media":0,"comment_status":"open","ping_status":"open","sticky":false,"template":"","format":"standard","meta":{"footnotes":""},"categories":[2],"tags":[],"class_list":["post-46515","post","type-post","status-publish","format-standard","hentry","category-locales"],"_links":{"self":[{"href":"https:\/\/masquenoticiastucuman.com.ar\/index.php?rest_route=\/wp\/v2\/posts\/46515","targetHints":{"allow":["GET"]}}],"collection":[{"href":"https:\/\/masquenoticiastucuman.com.ar\/index.php?rest_route=\/wp\/v2\/posts"}],"about":[{"href":"https:\/\/masquenoticiastucuman.com.ar\/index.php?rest_route=\/wp\/v2\/types\/post"}],"author":[{"embeddable":true,"href":"https:\/\/masquenoticiastucuman.com.ar\/index.php?rest_route=\/wp\/v2\/users\/2"}],"replies":[{"embeddable":true,"href":"https:\/\/masquenoticiastucuman.com.ar\/index.php?rest_route=%2Fwp%2Fv2%2Fcomments&post=46515"}],"version-history":[{"count":1,"href":"https:\/\/masquenoticiastucuman.com.ar\/index.php?rest_route=\/wp\/v2\/posts\/46515\/revisions"}],"predecessor-version":[{"id":46517,"href":"https:\/\/masquenoticiastucuman.com.ar\/index.php?rest_route=\/wp\/v2\/posts\/46515\/revisions\/46517"}],"wp:attachment":[{"href":"https:\/\/masquenoticiastucuman.com.ar\/index.php?rest_route=%2Fwp%2Fv2%2Fmedia&parent=46515"}],"wp:term":[{"taxonomy":"category","embeddable":true,"href":"https:\/\/masquenoticiastucuman.com.ar\/index.php?rest_route=%2Fwp%2Fv2%2Fcategories&post=46515"},{"taxonomy":"post_tag","embeddable":true,"href":"https:\/\/masquenoticiastucuman.com.ar\/index.php?rest_route=%2Fwp%2Fv2%2Ftags&post=46515"}],"curies":[{"name":"wp","href":"https:\/\/api.w.org\/{rel}","templated":true}]}}