{"id":46518,"date":"2025-09-22T11:57:58","date_gmt":"2025-09-22T14:57:58","guid":{"rendered":"https:\/\/masquenoticiastucuman.com.ar\/?p=46518"},"modified":"2025-09-22T11:57:59","modified_gmt":"2025-09-22T14:57:59","slug":"jaldo-necesitamos-un-gobierno-nacional-que-reaccione-y-no-piense-en-endeudarse","status":"publish","type":"post","link":"https:\/\/masquenoticiastucuman.com.ar\/?p=46518","title":{"rendered":"Jaldo: \u201cNecesitamos un gobierno nacional que reaccione y no piense en endeudarse\u201d"},"content":{"rendered":"\n<p>Para el gobernador las variables macroecon\u00f3micas \u201cest\u00e1n desbocadas\u201d y la posibilidad de que Argentina tome un nuevo cr\u00e9dito en Estados Unidos no es una salida.<\/p>\n\n\n\n<p id=\"isPasted\">El gobernador&nbsp;<strong>Osvaldo Jaldo<\/strong>&nbsp;fue descriptivo y realista sobre la situaci\u00f3n econ\u00f3mica del pa\u00eds. Cuestion\u00f3 la suba del d\u00f3lar y el riesgo pa\u00eds, advirti\u00f3 por la ca\u00edda de la producci\u00f3n y reclam\u00f3 que la Casa Rosada&nbsp;<strong>\u201creaccione lo antes posible\u201d en lugar de buscar nuevos cr\u00e9ditos en el exterior.<\/strong><\/p>\n\n\n\n<p>En conferencia de prensa Jaldo describi\u00f3 con crudeza el escenario nacional. \u201cEstamos en problemas, no es normal lo que viene ocurriendo\u201d, comenz\u00f3, al analizar la escalada del d\u00f3lar y el aumento del riesgo pa\u00eds.<\/p>\n\n\n\n<blockquote class=\"wp-block-quote is-layout-flow wp-block-quote-is-layout-flow\">\n<p id=\"isPasted\">\u201cOjal\u00e1 el gobierno nacional arregle las variables macroecon\u00f3micas lo antes posible, porque la gente no puede esperar\u201d. (Osvaldo Jaldo, gobernador)<\/p>\n<\/blockquote>\n\n\n\n<p>El titular del Ejecutivo explic\u00f3 que el Gobierno nacional \u201cle puso una banda\u201d a la cotizaci\u00f3n de la divisa, entre los 1.000 y 1.400 pesos, para mantenerla controlada, pero reconoci\u00f3 que \u201ccuando se sali\u00f3 de esa banda, el Banco Central tuvo que intervenir y perdi\u00f3 muchos d\u00f3lares\u201d. La consecuencia, se\u00f1al\u00f3, fue doble: \u201cEl d\u00f3lar sigue subiendo y, a la par, tambi\u00e9n el riesgo pa\u00eds\u201d.<\/p>\n\n\n\n<h3 class=\"wp-block-heading\">Riesgo pa\u00eds<\/h3>\n\n\n\n<p>En este sentido Jaldo se detuvo a traducir el concepto para los ciudadanos: \u201cEl riesgo pa\u00eds est\u00e1 directamente relacionado con la confianza de los inversores. Si sube, se pierde la confianza en la Argentina: algunos dejan de invertir y otros, lo que es peor, retiran lo que ya invirtieron\u201d.<\/p>\n\n\n\n<p>Siguiendo ese hilo de an\u00e1lisis el Primer Mandatario advirti\u00f3 que las tasas de inter\u00e9s \u201csuperan el 70 u 80 por ciento\u201d y que, en el caso de las tarjetas de cr\u00e9dito, \u201cllegan al 150 por ciento. No se puede vivir de esa manera\u201d. Para el gobernador las variables macroecon\u00f3micas \u201cest\u00e1n desbocadas\u201d y la posibilidad de que Argentina tome un nuevo cr\u00e9dito en Estados Unidos no es una salida: \u201cPrimero, seguimos viviendo de lo prestado. Segundo, seguimos endeudando a la Rep\u00fablica. Y tercero, esos d\u00f3lares entrar\u00edan por una ventanilla y saldr\u00edan por la otra, solo para sostener al d\u00f3lar\u201d.<\/p>\n\n\n\n<blockquote class=\"wp-block-quote is-layout-flow wp-block-quote-is-layout-flow\">\n<p>Con tono cr\u00edtico, Jaldo cuestion\u00f3 la ausencia de un plan productivo: \u201c\u00bfQui\u00e9n produce en la Argentina? \u00bfQui\u00e9n industrializa? \u00bfQui\u00e9n genera puestos de trabajo? De eso nadie habla. \u00bfQu\u00e9 planificaci\u00f3n hay para que las econom\u00edas regionales funcionen y las industrias se mantengan? Ninguna\u201d.<\/p>\n<\/blockquote>\n\n\n\n<p>El mandatario provincial respald\u00f3 su an\u00e1lisis con ejemplos: \u201c(la multinacional) Scania prorroga suspensiones, las textiles en Tucum\u00e1n est\u00e1n despidiendo gente, en Buenos Aires cierran f\u00e1bricas y las industrias l\u00e1cteas empiezan a dejar personal. Es grave la situaci\u00f3n\u201d.<\/p>\n\n\n\n<blockquote class=\"wp-block-quote is-layout-flow wp-block-quote-is-layout-flow\">\n<p>Ante ese panorama, lanz\u00f3 su reclamo central: \u201cNecesitamos que el gobierno nacional reaccione y reaccione lo antes posible, y que no piense solo en endeudarse\u201d. Tambi\u00e9n cuestion\u00f3 los discursos oficiales de equilibrio fiscal: \u201cSi ten\u00e9s equilibrio, si ten\u00e9s super\u00e1vit, \u00bfpara qu\u00e9 ir a Estados Unidos de rodillas a pedir plata? Algo no est\u00e1 funcionando o no nos est\u00e1n diciendo la verdad\u201d.<\/p>\n<\/blockquote>\n\n\n\n<p>El jefe del Palacio gubernamental advirti\u00f3 que la pol\u00edtica econ\u00f3mica debe ir m\u00e1s all\u00e1 de las finanzas: \u201cHay que empezar a pensar en la microeconom\u00eda, en la gente, en el poder adquisitivo, en las fuentes de trabajo, en el funcionamiento de las f\u00e1bricas\u201d.<\/p>\n\n\n\n<p>Sobre la situaci\u00f3n provincial, Jaldo aclar\u00f3 que Tucum\u00e1n<strong>&nbsp;\u201choy no tiene problemas de financiamiento\u201d<\/strong>. Detall\u00f3 que los recursos provinciales permiten pagar sueldos, garantizar salud, educaci\u00f3n y seguridad, y continuar la obra p\u00fablica \u201ccon recursos del presupuesto provincial, con los impuestos que pagan los tucumanos\u201d.<\/p>\n\n\n\n<p>Pero su preocupaci\u00f3n volvi\u00f3 al plano nacional: \u201cAquellos que tienen trabajo ya no llegan a fin de mes, muchos buscan un segundo empleo. Quienes no tienen trabajo, directamente no empiezan el mes. La situaci\u00f3n econ\u00f3mica est\u00e1 muy compleja\u201d.<\/p>\n","protected":false},"excerpt":{"rendered":"<p>Para el gobernador las variables macroecon\u00f3micas \u201cest\u00e1n desbocadas\u201d y la posibilidad de que Argentina tome&#8230;<\/p>\n","protected":false},"author":2,"featured_media":0,"comment_status":"open","ping_status":"open","sticky":false,"template":"","format":"standard","meta":{"footnotes":""},"categories":[2],"tags":[],"class_list":["post-46518","post","type-post","status-publish","format-standard","hentry","category-locales"],"_links":{"self":[{"href":"https:\/\/masquenoticiastucuman.com.ar\/index.php?rest_route=\/wp\/v2\/posts\/46518","targetHints":{"allow":["GET"]}}],"collection":[{"href":"https:\/\/masquenoticiastucuman.com.ar\/index.php?rest_route=\/wp\/v2\/posts"}],"about":[{"href":"https:\/\/masquenoticiastucuman.com.ar\/index.php?rest_route=\/wp\/v2\/types\/post"}],"author":[{"embeddable":true,"href":"https:\/\/masquenoticiastucuman.com.ar\/index.php?rest_route=\/wp\/v2\/users\/2"}],"replies":[{"embeddable":true,"href":"https:\/\/masquenoticiastucuman.com.ar\/index.php?rest_route=%2Fwp%2Fv2%2Fcomments&post=46518"}],"version-history":[{"count":1,"href":"https:\/\/masquenoticiastucuman.com.ar\/index.php?rest_route=\/wp\/v2\/posts\/46518\/revisions"}],"predecessor-version":[{"id":46520,"href":"https:\/\/masquenoticiastucuman.com.ar\/index.php?rest_route=\/wp\/v2\/posts\/46518\/revisions\/46520"}],"wp:attachment":[{"href":"https:\/\/masquenoticiastucuman.com.ar\/index.php?rest_route=%2Fwp%2Fv2%2Fmedia&parent=46518"}],"wp:term":[{"taxonomy":"category","embeddable":true,"href":"https:\/\/masquenoticiastucuman.com.ar\/index.php?rest_route=%2Fwp%2Fv2%2Fcategories&post=46518"},{"taxonomy":"post_tag","embeddable":true,"href":"https:\/\/masquenoticiastucuman.com.ar\/index.php?rest_route=%2Fwp%2Fv2%2Ftags&post=46518"}],"curies":[{"name":"wp","href":"https:\/\/api.w.org\/{rel}","templated":true}]}}