{"id":46521,"date":"2025-09-22T12:01:01","date_gmt":"2025-09-22T15:01:01","guid":{"rendered":"http:\/\/masquenoticiastucuman.com.ar\/?p=46521"},"modified":"2025-09-22T12:01:01","modified_gmt":"2025-09-22T15:01:01","slug":"en-cuanto-quedarian-los-granos-con-las-retenciones-cero-y-hasta-cuando-es-la-medida","status":"publish","type":"post","link":"https:\/\/masquenoticiastucuman.com.ar\/?p=46521","title":{"rendered":"\u00bfEn cu\u00e1nto quedar\u00edan los granos con las retenciones cero y hasta cu\u00e1ndo es la medida?"},"content":{"rendered":"<ul>\n<li>El Gobierno elimin\u00f3 temporalmente los derechos de exportaci\u00f3n para granos y derivados. <\/li>\n<li>El decreto 682\/2025 fue publicado hoy en el Bolet\u00edn Oficial.<\/li>\n<\/ul>","protected":false},"excerpt":{"rendered":"<p>El Gobierno elimin\u00f3 temporalmente los derechos de exportaci\u00f3n para granos y derivados. El decreto 682\/2025&#8230;<\/p>\n","protected":false},"author":1,"featured_media":0,"comment_status":"open","ping_status":"open","sticky":false,"template":"","format":"standard","meta":{"footnotes":""},"categories":[],"tags":[],"class_list":["post-46521","post","type-post","status-publish","format-standard","hentry"],"_links":{"self":[{"href":"https:\/\/masquenoticiastucuman.com.ar\/index.php?rest_route=\/wp\/v2\/posts\/46521","targetHints":{"allow":["GET"]}}],"collection":[{"href":"https:\/\/masquenoticiastucuman.com.ar\/index.php?rest_route=\/wp\/v2\/posts"}],"about":[{"href":"https:\/\/masquenoticiastucuman.com.ar\/index.php?rest_route=\/wp\/v2\/types\/post"}],"author":[{"embeddable":true,"href":"https:\/\/masquenoticiastucuman.com.ar\/index.php?rest_route=\/wp\/v2\/users\/1"}],"replies":[{"embeddable":true,"href":"https:\/\/masquenoticiastucuman.com.ar\/index.php?rest_route=%2Fwp%2Fv2%2Fcomments&post=46521"}],"version-history":[{"count":0,"href":"https:\/\/masquenoticiastucuman.com.ar\/index.php?rest_route=\/wp\/v2\/posts\/46521\/revisions"}],"wp:attachment":[{"href":"https:\/\/masquenoticiastucuman.com.ar\/index.php?rest_route=%2Fwp%2Fv2%2Fmedia&parent=46521"}],"wp:term":[{"taxonomy":"category","embeddable":true,"href":"https:\/\/masquenoticiastucuman.com.ar\/index.php?rest_route=%2Fwp%2Fv2%2Fcategories&post=46521"},{"taxonomy":"post_tag","embeddable":true,"href":"https:\/\/masquenoticiastucuman.com.ar\/index.php?rest_route=%2Fwp%2Fv2%2Ftags&post=46521"}],"curies":[{"name":"wp","href":"https:\/\/api.w.org\/{rel}","templated":true}]}}