{"id":46523,"date":"2025-09-22T12:01:02","date_gmt":"2025-09-22T15:01:02","guid":{"rendered":"http:\/\/masquenoticiastucuman.com.ar\/?p=46523"},"modified":"2025-09-22T12:01:02","modified_gmt":"2025-09-22T15:01:02","slug":"balon-de-oro-2025-en-vivo-ceremonia-en-el-theatre-du-chatelet-de-paris-los-nominados-a-que-hora-es-y-donde-ver","status":"publish","type":"post","link":"https:\/\/masquenoticiastucuman.com.ar\/?p=46523","title":{"rendered":"Bal\u00f3n de Oro 2025 EN VIVO: ceremonia en el Theatre du Chatelet de Par\u00eds, los nominados, a qu\u00e9 hora es y d\u00f3nde ver"},"content":{"rendered":"<ul>\n<li>Hay mucha expectativa por la ceremonia del galard\u00f3n a mejor jugador del mundo, que tendr\u00e1 un nuevo ganador. <\/li>\n<li>Alexis Mac Allister y Lautaro Mart\u00ednez, los argentinos dentro de la nomina.<\/li>\n<li>Emiliano &#8220;Dibu&#8221; Mart\u00ednez convocado al trofeo Yashin.<\/li>\n<\/ul>","protected":false},"excerpt":{"rendered":"<p>Hay mucha expectativa por la ceremonia del galard\u00f3n a mejor jugador del mundo, que tendr\u00e1&#8230;<\/p>\n","protected":false},"author":1,"featured_media":0,"comment_status":"open","ping_status":"open","sticky":false,"template":"","format":"standard","meta":{"footnotes":""},"categories":[6],"tags":[],"class_list":["post-46523","post","type-post","status-publish","format-standard","hentry","category-deportes"],"_links":{"self":[{"href":"https:\/\/masquenoticiastucuman.com.ar\/index.php?rest_route=\/wp\/v2\/posts\/46523","targetHints":{"allow":["GET"]}}],"collection":[{"href":"https:\/\/masquenoticiastucuman.com.ar\/index.php?rest_route=\/wp\/v2\/posts"}],"about":[{"href":"https:\/\/masquenoticiastucuman.com.ar\/index.php?rest_route=\/wp\/v2\/types\/post"}],"author":[{"embeddable":true,"href":"https:\/\/masquenoticiastucuman.com.ar\/index.php?rest_route=\/wp\/v2\/users\/1"}],"replies":[{"embeddable":true,"href":"https:\/\/masquenoticiastucuman.com.ar\/index.php?rest_route=%2Fwp%2Fv2%2Fcomments&post=46523"}],"version-history":[{"count":0,"href":"https:\/\/masquenoticiastucuman.com.ar\/index.php?rest_route=\/wp\/v2\/posts\/46523\/revisions"}],"wp:attachment":[{"href":"https:\/\/masquenoticiastucuman.com.ar\/index.php?rest_route=%2Fwp%2Fv2%2Fmedia&parent=46523"}],"wp:term":[{"taxonomy":"category","embeddable":true,"href":"https:\/\/masquenoticiastucuman.com.ar\/index.php?rest_route=%2Fwp%2Fv2%2Fcategories&post=46523"},{"taxonomy":"post_tag","embeddable":true,"href":"https:\/\/masquenoticiastucuman.com.ar\/index.php?rest_route=%2Fwp%2Fv2%2Ftags&post=46523"}],"curies":[{"name":"wp","href":"https:\/\/api.w.org\/{rel}","templated":true}]}}