{"id":46527,"date":"2025-09-22T12:06:44","date_gmt":"2025-09-22T15:06:44","guid":{"rendered":"https:\/\/masquenoticiastucuman.com.ar\/?p=46527"},"modified":"2025-09-22T12:06:44","modified_gmt":"2025-09-22T15:06:44","slug":"asi-funcionaran-los-servicios-municipales-por-el-feriado-provincial-del-24-de-septiembre","status":"publish","type":"post","link":"https:\/\/masquenoticiastucuman.com.ar\/?p=46527","title":{"rendered":"As\u00ed funcionar\u00e1n los servicios municipales por el feriado provincial del 24 de septiembre"},"content":{"rendered":"\n<p>El mi\u00e9rcoles es d\u00eda no laborable en conmemoraci\u00f3n del 213\u00ba aniversario de la Batalla de Tucum\u00e1n, por lo que algunos servicios de la administraci\u00f3n municipal se ver\u00e1n reducidos<\/p>\n\n\n\n<p>El mi\u00e9rcoles 24 de septiembre es feriado provincial en conmemoraci\u00f3n del 213\u00ba aniversario de la Batalla de Tucum\u00e1n. En ese marco, los servicios de la Municipalidad de San Miguel de Tucum\u00e1n se brindar\u00e1n de la siguiente manera:<\/p>\n\n\n\n<p><strong>Asistencia P\u00fablica (Chacabuco 239):&nbsp;<\/strong>no habr\u00e1 atenci\u00f3n en consultorios. Se atender\u00e1n emergencias en la guardia m\u00e9dica, de enfermer\u00eda, odontolog\u00eda y radiolog\u00eda dental, que funciona las 24 horas, todos los d\u00edas. Se solicita concurrir con DNI y barbijo.<\/p>\n\n\n\n<p><strong>\u00d3mnibus:&nbsp;<\/strong>circular\u00e1n de manera reducida, con la frecuencia de los domingos.<\/p>\n\n\n\n<p><strong>Recolecci\u00f3n de Residuos:<\/strong>&nbsp;no habr\u00e1 recolecci\u00f3n de residuos el mi\u00e9rcoles 24. Se solicita a los vecinos sacar sus residuos domiciliarios el jueves 25, cuando se vuelva a prestar con normalidad el servicio.<\/p>\n\n\n\n<p><strong>Cementerios municipales:<\/strong>&nbsp;los cementerios del Norte (Juan B. Justo y M\u00e9xico), del Oeste (Asunci\u00f3n 150) y Jard\u00edn (Eduardo Wilde al 300), abrir\u00e1n en su horario habitual, de 8 a 12 h y 15 a 18 h.<\/p>\n\n\n\n<p><strong>Mercado Municipal Dorrego (avenida Roca y Marina Alfaro):<\/strong>&nbsp;no abrir\u00e1 sus puertas.<\/p>\n\n\n\n<p><strong>Direcci\u00f3n de Respuesta R\u00e1pida (San Lorenzo 1270):<\/strong>&nbsp;no habr\u00e1 atenci\u00f3n presencial. Se que a trav\u00e9s de la&nbsp;<a href=\"https:\/\/comunicacionsmt.gob.ar\/contenido\/8568\/todo-lo-que-podes-hacer-desde-la-nueva-app-ciudad-smt\" target=\"_blank\" rel=\"noreferrer noopener\">App Ciudad SMT<\/a>&nbsp;los vecinos pueden realizar reclamos sobre diversos temas, como calles, alumbrado, basurales, sem\u00e1foros y transporte, entre otros.<\/p>\n","protected":false},"excerpt":{"rendered":"<p>El mi\u00e9rcoles es d\u00eda no laborable en conmemoraci\u00f3n del 213\u00ba aniversario de la Batalla de&#8230;<\/p>\n","protected":false},"author":2,"featured_media":0,"comment_status":"open","ping_status":"open","sticky":false,"template":"","format":"standard","meta":{"footnotes":""},"categories":[2],"tags":[],"class_list":["post-46527","post","type-post","status-publish","format-standard","hentry","category-locales"],"_links":{"self":[{"href":"https:\/\/masquenoticiastucuman.com.ar\/index.php?rest_route=\/wp\/v2\/posts\/46527","targetHints":{"allow":["GET"]}}],"collection":[{"href":"https:\/\/masquenoticiastucuman.com.ar\/index.php?rest_route=\/wp\/v2\/posts"}],"about":[{"href":"https:\/\/masquenoticiastucuman.com.ar\/index.php?rest_route=\/wp\/v2\/types\/post"}],"author":[{"embeddable":true,"href":"https:\/\/masquenoticiastucuman.com.ar\/index.php?rest_route=\/wp\/v2\/users\/2"}],"replies":[{"embeddable":true,"href":"https:\/\/masquenoticiastucuman.com.ar\/index.php?rest_route=%2Fwp%2Fv2%2Fcomments&post=46527"}],"version-history":[{"count":1,"href":"https:\/\/masquenoticiastucuman.com.ar\/index.php?rest_route=\/wp\/v2\/posts\/46527\/revisions"}],"predecessor-version":[{"id":46529,"href":"https:\/\/masquenoticiastucuman.com.ar\/index.php?rest_route=\/wp\/v2\/posts\/46527\/revisions\/46529"}],"wp:attachment":[{"href":"https:\/\/masquenoticiastucuman.com.ar\/index.php?rest_route=%2Fwp%2Fv2%2Fmedia&parent=46527"}],"wp:term":[{"taxonomy":"category","embeddable":true,"href":"https:\/\/masquenoticiastucuman.com.ar\/index.php?rest_route=%2Fwp%2Fv2%2Fcategories&post=46527"},{"taxonomy":"post_tag","embeddable":true,"href":"https:\/\/masquenoticiastucuman.com.ar\/index.php?rest_route=%2Fwp%2Fv2%2Ftags&post=46527"}],"curies":[{"name":"wp","href":"https:\/\/api.w.org\/{rel}","templated":true}]}}