{"id":46530,"date":"2025-09-22T12:42:12","date_gmt":"2025-09-22T15:42:12","guid":{"rendered":"https:\/\/masquenoticiastucuman.com.ar\/?p=46530"},"modified":"2025-09-22T12:42:12","modified_gmt":"2025-09-22T15:42:12","slug":"el-viernes-comienza-el-pago-del-salario-de-septiembre","status":"publish","type":"post","link":"https:\/\/masquenoticiastucuman.com.ar\/?p=46530","title":{"rendered":"El viernes comienza el pago del salario de septiembre"},"content":{"rendered":"\n<p>De acuerdo a lo establecido por Tesorer\u00eda de la Provincia, la parte complementar\u00eda se efectuar\u00eda desde el jueves 2 de octubre<\/p>\n\n\n\n<p>De acuerdo a lo estipulado por la Tesorer\u00eda de la Provincia, repartici\u00f3n que pertenece a la Secretar\u00eda de Hacienda, organismo del ministerio de Econom\u00eda y Producci\u00f3n, el pr\u00f3ximo viernes se inicia el pago del sueldo de septiembre para los trabajadores de los tres poderes del Estado<\/p>\n\n\n\n<p>Por lo cual de acuerdo a lo establecido, ese d\u00eda comenzar\u00e1 la parte proporcional de la siguiente forma.<\/p>\n\n\n\n<p><strong>Viernes 26<\/strong><\/p>\n\n\n\n<p>-SISTEMA PROVINCIAL DE SALUD (SI.PRO.SA.)<\/p>\n\n\n\n<p>-INSTITUTO PROVINCIAL DE LA VIVIENDA<\/p>\n\n\n\n<p>-INSTITUTO PROVINCIAL DE LUCHA CONTRA EL ALCOHOLISMO<\/p>\n\n\n\n<p><strong>S\u00e1bado 27<\/strong><\/p>\n\n\n\n<p>-SEGURIDAD ( Dpto. Gral. de Policia-Direc. Gral. de Institutos Penales)<\/p>\n\n\n\n<p>-ADMINISTRACION C E N T R A L<\/p>\n\n\n\n<p>-DEFENSORIA DEL PUEBLO<\/p>\n\n\n\n<p>-TRIBUNAL DE CUENTAS<\/p>\n\n\n\n<p>-TRIBUNAL FISCAL DE APELACION<\/p>\n\n\n\n<p>-PODER LEGISLATIVO<\/p>\n\n\n\n<p>-DIRECCION PROVINCIAL DE VIALIDAD (D.P.V.)<\/p>\n\n\n\n<p>&#8211; COMUNAS RURALES<\/p>\n\n\n\n<p><strong>Martes 30<\/strong><\/p>\n\n\n\n<p>-PODER JUDICIAL (Ctro. Jud. Concepci\u00f3n-Ctro. Judicial Monteros-Corte Suprema de Just.-Just. Paz Legal)<\/p>\n\n\n\n<p>-MINISTERIO PUBLICO FISCAL<\/p>\n\n\n\n<p>-MINISTERIO PUPILAR Y DE LA DEFENSA<\/p>\n\n\n\n<p>&#8211; MUNICIPIOS DEL INTERIOR<\/p>\n\n\n\n<p>-DIRECCION RECURSOS HIDRICOS<\/p>\n\n\n\n<p>-ENTE AUTARQUICO TUCUMAN TURISMO<\/p>\n\n\n\n<p>-ENTE CULTURAL DE TUCUMAN<\/p>\n\n\n\n<p>-INSTITUTO PROVINCIAL ACCION COOPERATIVA Y MUTUAL (I.P.A.C.Y.M.)<\/p>\n\n\n\n<p>-SERVICIO PROVINCIAL DE AGUA POTABLE Y SANEAMIENTO (S.E.P.A.P.Y.S.)<\/p>\n\n\n\n<p>-ENTE UNICO DE REG.DE SERVIC.PUB.PCIAL. (E.R.S.E.P.T.)<\/p>\n\n\n\n<p>-INSTITUTO DESARROLLO PRODUCTIVO<\/p>\n\n\n\n<p>-ENTE INFRAESTRUCTURA COMUNITARIA<\/p>\n\n\n\n<p>-INST.PROMOCION DEL AZUCAR Y ALCOHOL<\/p>\n\n\n\n<p>-ENTE AUTARQ.TEATRO MERDEDES SOSA<\/p>\n\n\n\n<p>En tanto que la parte complementaria comenzar\u00eda el jueves 2 de octubre<\/p>\n\n\n\n<p><strong>Jueves 2 de octubre<\/strong><\/p>\n\n\n\n<p>-SISTEMA PROVINCIAL DE SALUD (SI.PRO.SA.)<\/p>\n\n\n\n<p>-INSTITUTO PROVINCIAL DE LA VIVIENDA<\/p>\n\n\n\n<p>-INSTITUTO DE PREVISION Y SEGURIDAD SOCIAL DE TUCUMAN<\/p>\n\n\n\n<p>-ESTACION EXPERIMENTAL AGROINDUSTRIAL OBISPO COLOMBRES<\/p>\n\n\n\n<p>-SOCIEDAD AGUAS DEL TUCUMAN<\/p>\n\n\n\n<p>-DIRECCION PROVINCIAL DE VIALIDAD (D.P.V.)<\/p>\n\n\n\n<p><strong>Viernes 3 de octubre<\/strong><\/p>\n\n\n\n<p>&#8211; ADMINISTRACION C E N T R A L<\/p>\n\n\n\n<p>-EDUCACION ESTABLEC.PROVINCIALES -(Esc.Provinciales.-Rep.18 &#8211; Esc.Sec.Transferidas.Rep.25 &#8211;<\/p>\n\n\n\n<p>Esc.Sec.Tranf.Rep 26 Esc.Sec Transf. Rep. 27)<\/p>\n\n\n\n<p>&#8211; DEFENSORIA DEL PUEBLO<\/p>\n\n\n\n<p>&#8211; INSTITUTO PROVINCIAL DE LUCHA CONTRA EL ALCOHOLISMO<\/p>\n\n\n\n<p>-TRIBUNAL DE CUENTAS<\/p>\n\n\n\n<p>-TRIBUNAL FISCAL DE APELACION<\/p>\n\n\n\n<p>-PODER LEGISLATIVO<\/p>\n\n\n\n<p>-JUBILADOS FUERA DE CONVENIO<\/p>\n\n\n\n<p>-RENTA VITALICIA-HEROES DEMALVINAS<\/p>\n\n\n\n<p>-ASIGNACIONES Ex-EMPLEADOS TALLERES DE TAFI VIEJO<\/p>\n\n\n\n<p>-SEGURIDAD ( Dpto. Gral. de Policia-Direc. Gral. de Institutos Penales)<\/p>\n\n\n\n<p><strong>S\u00e1bado 4 de octubre<\/strong><\/p>\n\n\n\n<p>&#8211; COMUNAS RURALES<\/p>\n\n\n\n<p>&#8211; MUNICIPIOS DEL INTERIOR<\/p>\n\n\n\n<p>-PODER JUDICIAL (Ctro. Jud. Concepci\u00f3n-Ctro. Judicial Monteros-Corte Suprema de Just.-Just. Paz Legal)<\/p>\n\n\n\n<p>-MINISTERIO PUBLICO FISCAL<\/p>\n\n\n\n<p>-MINISTERIO PUPILAR Y DE LA DEFENSA<\/p>\n\n\n\n<p>-DIRECCION RECURSOS HIDRICOS<\/p>\n\n\n\n<p>-ENTE AUTARQUICO TUCUMAN TURISMO<\/p>\n\n\n\n<p>-ENTE CULTURAL DE TUCUMAN<\/p>\n\n\n\n<p>-INSTITUTO PROVINCIAL ACCION COOPERATIVA Y MUTUAL (I.P.A.C.Y.M.)<\/p>\n\n\n\n<p>-SERVICIO PROVINCIAL DE AGUA POTABLE Y SANEAMIENTO (S.E.P.A.P.Y.S.)<\/p>\n\n\n\n<p>-ENTE UNICO DE REG.DE SERVIC.PUB.PCIAL. (E.R.S.E.P.T.)<\/p>\n\n\n\n<p>-INSTITUTO DESARROLLO PRODUCTIVO<\/p>\n\n\n\n<p>-ENTE INFRAESTRUCTURA COMUNITARIA<\/p>\n\n\n\n<p>-INST.PROMOCION DEL AZUCAR Y ALCOHOL<\/p>\n\n\n\n<p>-ENTE AUTARQ.TEATRO MERDEDES SOSA<\/p>\n\n\n\n<p>-EDUCACION ESTABLECIMIENTOS PUBLICOS DE G E S T I O N PRIVADAS ( Privados Primarios, Secundarios,<\/p>\n\n\n\n<p>Terciarios Transferidos)<\/p>\n","protected":false},"excerpt":{"rendered":"<p>De acuerdo a lo establecido por Tesorer\u00eda de la Provincia, la parte complementar\u00eda se efectuar\u00eda&#8230;<\/p>\n","protected":false},"author":2,"featured_media":0,"comment_status":"open","ping_status":"open","sticky":false,"template":"","format":"standard","meta":{"footnotes":""},"categories":[2],"tags":[],"class_list":["post-46530","post","type-post","status-publish","format-standard","hentry","category-locales"],"_links":{"self":[{"href":"https:\/\/masquenoticiastucuman.com.ar\/index.php?rest_route=\/wp\/v2\/posts\/46530","targetHints":{"allow":["GET"]}}],"collection":[{"href":"https:\/\/masquenoticiastucuman.com.ar\/index.php?rest_route=\/wp\/v2\/posts"}],"about":[{"href":"https:\/\/masquenoticiastucuman.com.ar\/index.php?rest_route=\/wp\/v2\/types\/post"}],"author":[{"embeddable":true,"href":"https:\/\/masquenoticiastucuman.com.ar\/index.php?rest_route=\/wp\/v2\/users\/2"}],"replies":[{"embeddable":true,"href":"https:\/\/masquenoticiastucuman.com.ar\/index.php?rest_route=%2Fwp%2Fv2%2Fcomments&post=46530"}],"version-history":[{"count":1,"href":"https:\/\/masquenoticiastucuman.com.ar\/index.php?rest_route=\/wp\/v2\/posts\/46530\/revisions"}],"predecessor-version":[{"id":46532,"href":"https:\/\/masquenoticiastucuman.com.ar\/index.php?rest_route=\/wp\/v2\/posts\/46530\/revisions\/46532"}],"wp:attachment":[{"href":"https:\/\/masquenoticiastucuman.com.ar\/index.php?rest_route=%2Fwp%2Fv2%2Fmedia&parent=46530"}],"wp:term":[{"taxonomy":"category","embeddable":true,"href":"https:\/\/masquenoticiastucuman.com.ar\/index.php?rest_route=%2Fwp%2Fv2%2Fcategories&post=46530"},{"taxonomy":"post_tag","embeddable":true,"href":"https:\/\/masquenoticiastucuman.com.ar\/index.php?rest_route=%2Fwp%2Fv2%2Ftags&post=46530"}],"curies":[{"name":"wp","href":"https:\/\/api.w.org\/{rel}","templated":true}]}}