{"id":46535,"date":"2025-09-22T13:01:04","date_gmt":"2025-09-22T16:01:04","guid":{"rendered":"http:\/\/masquenoticiastucuman.com.ar\/?p=46535"},"modified":"2025-09-22T13:01:04","modified_gmt":"2025-09-22T16:01:04","slug":"harry-styles-corrio-de-incognito-el-maraton-de-berlin-y-logro-un-tiempo-brutal-que-nombre-utilizo-para-pasar-desapercibido","status":"publish","type":"post","link":"https:\/\/masquenoticiastucuman.com.ar\/?p=46535","title":{"rendered":"Harry Styles corri\u00f3 de inc\u00f3gnito el Marat\u00f3n de Berl\u00edn y logr\u00f3 un tiempo brutal: \u00bfqu\u00e9 nombre utiliz\u00f3 para pasar desapercibido?"},"content":{"rendered":"<ul>\n<li>El cantante brit\u00e1nico, que salt\u00f3 a la fama como miembro de One Direction, realiz\u00f3 su segunda carrera de 42 kil\u00f3metros en medio a\u00f1o.<\/li>\n<li>Baj\u00f3 m\u00e1s de 25 minutos su anterior registro en la distancia ol\u00edmpica por excelencia.<\/li>\n<\/ul>","protected":false},"excerpt":{"rendered":"<p>El cantante brit\u00e1nico, que salt\u00f3 a la fama como miembro de One Direction, realiz\u00f3 su&#8230;<\/p>\n","protected":false},"author":1,"featured_media":0,"comment_status":"open","ping_status":"open","sticky":false,"template":"","format":"standard","meta":{"footnotes":""},"categories":[6],"tags":[],"class_list":["post-46535","post","type-post","status-publish","format-standard","hentry","category-deportes"],"_links":{"self":[{"href":"https:\/\/masquenoticiastucuman.com.ar\/index.php?rest_route=\/wp\/v2\/posts\/46535","targetHints":{"allow":["GET"]}}],"collection":[{"href":"https:\/\/masquenoticiastucuman.com.ar\/index.php?rest_route=\/wp\/v2\/posts"}],"about":[{"href":"https:\/\/masquenoticiastucuman.com.ar\/index.php?rest_route=\/wp\/v2\/types\/post"}],"author":[{"embeddable":true,"href":"https:\/\/masquenoticiastucuman.com.ar\/index.php?rest_route=\/wp\/v2\/users\/1"}],"replies":[{"embeddable":true,"href":"https:\/\/masquenoticiastucuman.com.ar\/index.php?rest_route=%2Fwp%2Fv2%2Fcomments&post=46535"}],"version-history":[{"count":0,"href":"https:\/\/masquenoticiastucuman.com.ar\/index.php?rest_route=\/wp\/v2\/posts\/46535\/revisions"}],"wp:attachment":[{"href":"https:\/\/masquenoticiastucuman.com.ar\/index.php?rest_route=%2Fwp%2Fv2%2Fmedia&parent=46535"}],"wp:term":[{"taxonomy":"category","embeddable":true,"href":"https:\/\/masquenoticiastucuman.com.ar\/index.php?rest_route=%2Fwp%2Fv2%2Fcategories&post=46535"},{"taxonomy":"post_tag","embeddable":true,"href":"https:\/\/masquenoticiastucuman.com.ar\/index.php?rest_route=%2Fwp%2Fv2%2Ftags&post=46535"}],"curies":[{"name":"wp","href":"https:\/\/api.w.org\/{rel}","templated":true}]}}