{"id":46581,"date":"2025-09-22T21:01:03","date_gmt":"2025-09-23T00:01:03","guid":{"rendered":"http:\/\/masquenoticiastucuman.com.ar\/?p=46581"},"modified":"2025-09-22T21:01:03","modified_gmt":"2025-09-23T00:01:03","slug":"balon-de-oro-2025-con-messi-como-maximo-ganador-uno-por-uno-todos-los-que-lo-recibieron-desde-que-se-entrega-el-trofeo","status":"publish","type":"post","link":"https:\/\/masquenoticiastucuman.com.ar\/?p=46581","title":{"rendered":"Bal\u00f3n de Oro 2025: con Messi como m\u00e1ximo ganador, uno por uno, todos los que lo recibieron desde que se entrega el trofeo"},"content":{"rendered":"<ul>\n<li>Ousmane Demb\u00e9l\u00e9 se qued\u00f3 con el ansiado galard\u00f3n en la edici\u00f3n que se realiz\u00f3 este lunes 22 de septiembre en Par\u00eds.<\/li>\n<li>El argentino contin\u00faa liderando el palmar\u00e9s. Qui\u00e9n le sigue y todos los ganadores.<\/li>\n<\/ul>","protected":false},"excerpt":{"rendered":"<p>Ousmane Demb\u00e9l\u00e9 se qued\u00f3 con el ansiado galard\u00f3n en la edici\u00f3n que se realiz\u00f3 este&#8230;<\/p>\n","protected":false},"author":1,"featured_media":0,"comment_status":"open","ping_status":"open","sticky":false,"template":"","format":"standard","meta":{"footnotes":""},"categories":[6],"tags":[],"class_list":["post-46581","post","type-post","status-publish","format-standard","hentry","category-deportes"],"_links":{"self":[{"href":"https:\/\/masquenoticiastucuman.com.ar\/index.php?rest_route=\/wp\/v2\/posts\/46581","targetHints":{"allow":["GET"]}}],"collection":[{"href":"https:\/\/masquenoticiastucuman.com.ar\/index.php?rest_route=\/wp\/v2\/posts"}],"about":[{"href":"https:\/\/masquenoticiastucuman.com.ar\/index.php?rest_route=\/wp\/v2\/types\/post"}],"author":[{"embeddable":true,"href":"https:\/\/masquenoticiastucuman.com.ar\/index.php?rest_route=\/wp\/v2\/users\/1"}],"replies":[{"embeddable":true,"href":"https:\/\/masquenoticiastucuman.com.ar\/index.php?rest_route=%2Fwp%2Fv2%2Fcomments&post=46581"}],"version-history":[{"count":0,"href":"https:\/\/masquenoticiastucuman.com.ar\/index.php?rest_route=\/wp\/v2\/posts\/46581\/revisions"}],"wp:attachment":[{"href":"https:\/\/masquenoticiastucuman.com.ar\/index.php?rest_route=%2Fwp%2Fv2%2Fmedia&parent=46581"}],"wp:term":[{"taxonomy":"category","embeddable":true,"href":"https:\/\/masquenoticiastucuman.com.ar\/index.php?rest_route=%2Fwp%2Fv2%2Fcategories&post=46581"},{"taxonomy":"post_tag","embeddable":true,"href":"https:\/\/masquenoticiastucuman.com.ar\/index.php?rest_route=%2Fwp%2Fv2%2Ftags&post=46581"}],"curies":[{"name":"wp","href":"https:\/\/api.w.org\/{rel}","templated":true}]}}