{"id":46587,"date":"2025-09-22T22:01:02","date_gmt":"2025-09-23T01:01:02","guid":{"rendered":"http:\/\/masquenoticiastucuman.com.ar\/?p=46587"},"modified":"2025-09-22T22:01:02","modified_gmt":"2025-09-23T01:01:02","slug":"balon-de-oro-2025-con-dembele-como-el-nuevo-rey-del-futbol-uno-por-uno-todos-los-premiados-de-la-gala-en-paris","status":"publish","type":"post","link":"https:\/\/masquenoticiastucuman.com.ar\/?p=46587","title":{"rendered":"Bal\u00f3n de Oro 2025: con Demb\u00e9l\u00e9 como el nuevo rey del f\u00fatbol, uno por uno, todos los premiados de la gala en Par\u00eds"},"content":{"rendered":"<ul>\n<li>El franc\u00e9s y Lamine Yamal aparec\u00edan como los dos grandes candidatos para quedarse con el premio.<\/li>\n<li>A pesar de no estar nominado por segundo a\u00f1o, Messi contin\u00faa siendo el m\u00e1ximo ganador de la historia.<\/li>\n<\/ul>","protected":false},"excerpt":{"rendered":"<p>El franc\u00e9s y Lamine Yamal aparec\u00edan como los dos grandes candidatos para quedarse con el&#8230;<\/p>\n","protected":false},"author":1,"featured_media":0,"comment_status":"open","ping_status":"open","sticky":false,"template":"","format":"standard","meta":{"footnotes":""},"categories":[6],"tags":[],"class_list":["post-46587","post","type-post","status-publish","format-standard","hentry","category-deportes"],"_links":{"self":[{"href":"https:\/\/masquenoticiastucuman.com.ar\/index.php?rest_route=\/wp\/v2\/posts\/46587","targetHints":{"allow":["GET"]}}],"collection":[{"href":"https:\/\/masquenoticiastucuman.com.ar\/index.php?rest_route=\/wp\/v2\/posts"}],"about":[{"href":"https:\/\/masquenoticiastucuman.com.ar\/index.php?rest_route=\/wp\/v2\/types\/post"}],"author":[{"embeddable":true,"href":"https:\/\/masquenoticiastucuman.com.ar\/index.php?rest_route=\/wp\/v2\/users\/1"}],"replies":[{"embeddable":true,"href":"https:\/\/masquenoticiastucuman.com.ar\/index.php?rest_route=%2Fwp%2Fv2%2Fcomments&post=46587"}],"version-history":[{"count":0,"href":"https:\/\/masquenoticiastucuman.com.ar\/index.php?rest_route=\/wp\/v2\/posts\/46587\/revisions"}],"wp:attachment":[{"href":"https:\/\/masquenoticiastucuman.com.ar\/index.php?rest_route=%2Fwp%2Fv2%2Fmedia&parent=46587"}],"wp:term":[{"taxonomy":"category","embeddable":true,"href":"https:\/\/masquenoticiastucuman.com.ar\/index.php?rest_route=%2Fwp%2Fv2%2Fcategories&post=46587"},{"taxonomy":"post_tag","embeddable":true,"href":"https:\/\/masquenoticiastucuman.com.ar\/index.php?rest_route=%2Fwp%2Fv2%2Ftags&post=46587"}],"curies":[{"name":"wp","href":"https:\/\/api.w.org\/{rel}","templated":true}]}}