{"id":46593,"date":"2025-09-22T23:01:03","date_gmt":"2025-09-23T02:01:03","guid":{"rendered":"http:\/\/masquenoticiastucuman.com.ar\/?p=46593"},"modified":"2025-09-22T23:01:03","modified_gmt":"2025-09-23T02:01:03","slug":"san-lorenzo-acefalo-y-en-vilo-moretti-volvio-a-meter-la-cabeza-y-no-se-sabe-cuando-sera-la-asamblea-clave-para-llamar-a-elecciones","status":"publish","type":"post","link":"https:\/\/masquenoticiastucuman.com.ar\/?p=46593","title":{"rendered":"San Lorenzo, ac\u00e9falo y en vilo: Moretti volvi\u00f3 a meter la cabeza y no se sabe cu\u00e1ndo ser\u00e1 la Asamblea clave para llamar a elecciones"},"content":{"rendered":"<ul>\n<li>Si bien el equipo est\u00e1 en zona de playoffs, en los institucional &#8220;se va a la B&#8221;.<\/li>\n<li>Cuando los asamble\u00edstas hab\u00edan destrabado la situaci\u00f3n para llamar a elecciones, una medida cautelar interpuesta por Marcelo Moretti volvi\u00f3 a complicar todo.<\/li>\n<li>\u00bfC\u00f3mo se resuelve?<\/li>\n<\/ul>","protected":false},"excerpt":{"rendered":"<p>Si bien el equipo est\u00e1 en zona de playoffs, en los institucional &#8220;se va a&#8230;<\/p>\n","protected":false},"author":1,"featured_media":0,"comment_status":"open","ping_status":"open","sticky":false,"template":"","format":"standard","meta":{"footnotes":""},"categories":[6],"tags":[],"class_list":["post-46593","post","type-post","status-publish","format-standard","hentry","category-deportes"],"_links":{"self":[{"href":"https:\/\/masquenoticiastucuman.com.ar\/index.php?rest_route=\/wp\/v2\/posts\/46593","targetHints":{"allow":["GET"]}}],"collection":[{"href":"https:\/\/masquenoticiastucuman.com.ar\/index.php?rest_route=\/wp\/v2\/posts"}],"about":[{"href":"https:\/\/masquenoticiastucuman.com.ar\/index.php?rest_route=\/wp\/v2\/types\/post"}],"author":[{"embeddable":true,"href":"https:\/\/masquenoticiastucuman.com.ar\/index.php?rest_route=\/wp\/v2\/users\/1"}],"replies":[{"embeddable":true,"href":"https:\/\/masquenoticiastucuman.com.ar\/index.php?rest_route=%2Fwp%2Fv2%2Fcomments&post=46593"}],"version-history":[{"count":0,"href":"https:\/\/masquenoticiastucuman.com.ar\/index.php?rest_route=\/wp\/v2\/posts\/46593\/revisions"}],"wp:attachment":[{"href":"https:\/\/masquenoticiastucuman.com.ar\/index.php?rest_route=%2Fwp%2Fv2%2Fmedia&parent=46593"}],"wp:term":[{"taxonomy":"category","embeddable":true,"href":"https:\/\/masquenoticiastucuman.com.ar\/index.php?rest_route=%2Fwp%2Fv2%2Fcategories&post=46593"},{"taxonomy":"post_tag","embeddable":true,"href":"https:\/\/masquenoticiastucuman.com.ar\/index.php?rest_route=%2Fwp%2Fv2%2Ftags&post=46593"}],"curies":[{"name":"wp","href":"https:\/\/api.w.org\/{rel}","templated":true}]}}