{"id":46626,"date":"2025-09-23T07:02:57","date_gmt":"2025-09-23T10:02:57","guid":{"rendered":"https:\/\/masquenoticiastucuman.com.ar\/?p=46626"},"modified":"2025-09-23T07:03:05","modified_gmt":"2025-09-23T10:03:05","slug":"jaldo-dio-la-bienvenida-a-la-imagen-de-la-virgen-de-la-merced-en-su-visita-a-casa-de-gobierno","status":"publish","type":"post","link":"https:\/\/masquenoticiastucuman.com.ar\/?p=46626","title":{"rendered":"Jaldo dio la bienvenida a la imagen de la Virgen de la Merced en su visita a Casa de Gobierno"},"content":{"rendered":"\n<p>La imagen peregrina de Nuestra Se\u00f1ora de la Merced visita el palacio gubernamental tucumano hasta las 13 horas en el marco de las actividades previas a la fiesta arquidiocesana del 24 de septiembre.<\/p>\n\n\n\n<p id=\"isPasted\">La imagen de la Virgen de la Merced visit\u00f3 Casa de Gobierno donde fue recibida por el titular del Poder Ejecutivo,&nbsp;<strong>Osvaldo Jaldo<\/strong>, y funcionarios del gabinete provincial. La imagen fue tra\u00edda por el padre&nbsp;<strong>Abel<\/strong>, p\u00e1rroco de la Bas\u00edlica Nuestra Se\u00f1ora de las Mercedes.&nbsp;<\/p>\n\n\n\n<p>Como el pr\u00f3ximo 24 de septiembre se conmemora el D\u00eda de la Virgen de la Merced, fecha en que se honra a la imagen, una advocaci\u00f3n mariana asociada a la misericordia y a la protecci\u00f3n de los cautivos, y considerada Patrona del Ej\u00e9rcito Argentino desde la Batalla de Tucum\u00e1n, en las \u00faltimas semanas se produjo la bajada de la virgen para recorrer varios lugares de la provincia y es, en ese marco, que hoy visita el palacio gubernamental hasta las 13 horas.&nbsp;<\/p>\n\n\n\n<p>Acompa\u00f1aron al gobernador, los ministros&nbsp;<strong>Daniel Abad<\/strong>&nbsp;(Econom\u00eda y Producci\u00f3n),&nbsp;<strong>Regino Amado&nbsp;<\/strong>(Gobierno y Justicia),&nbsp;<strong>Luis Medina Ruiz<\/strong>&nbsp;(Salud),&nbsp;<strong>Marcelo Nazur<\/strong>&nbsp;(Obras, Infraestructura y Transporte P\u00fablico),&nbsp;<strong>Susana Montaldo<\/strong>&nbsp;(Educaci\u00f3n),&nbsp;<strong>Eugenio Ag\u00fcero Gamboa<\/strong>&nbsp;(Seguridad) y Federico Nazur (Secretario General de la Gobernaci\u00f3n); las diputadas nacionales,&nbsp;<strong>Gladys Medina<\/strong>&nbsp;y&nbsp;<strong>Elia Fern\u00e1ndez de Mansilla;&nbsp;<\/strong>la secretaria de Culto y Vinculaci\u00f3n de la provincia,<strong>&nbsp;Roxana D\u00edaz&nbsp;<\/strong>y&nbsp;<strong>Fernando Juri<\/strong>, presidente del Concejo Deliberante de San Miguel de Tucum\u00e1n.<strong>&nbsp;<\/strong><\/p>\n\n\n\n<p>El gobernador Osvaldo Jaldo expres\u00f3: \u201cEs una bendici\u00f3n para todos los tucumanos, ya que hoy la Virgen Madre, la Virgen de la Merced, ha llegado a la Casa de Gobierno que es la casa de todos los tucumanos. Es decir, que las decisiones que ac\u00e1 se toman, repercuten en cada una de las familias tucumanas. Y qu\u00e9 importante que la Virgen de la Merced hoy est\u00e9 ac\u00e1 en nuestra casa\u201d.<\/p>\n\n\n\n<figure class=\"wp-block-image size-large\"><img decoding=\"async\" src=\"https:\/\/masquenoticiastucuman.com.ar\/wp-content\/uploads\/2025\/09\/250922110410_53437-1024x682.jpg\" alt=\"\" class=\"wp-image-46634\" \/><\/figure>\n\n\n\n<p>El mandatario afirm\u00f3: \u201cAprovechar en la estad\u00eda de la Virgen para que ilumine la mente de todos lo que tomamos decisiones. Ll\u00e1menle el ministro, secretario, gobernador, y que todas las decisiones que podamos tomar sean iluminadas por la Virgen de la Merced. Es decir, en beneficio de cada uno de los tucumanos. Mientras la recib\u00eda, mientras la acompa\u00f1aba, mientras estaba a la par de ella, lo \u00fanico que ped\u00eda este gobernador que me ilumine la mente siempre para tomar decisiones a favor y de manera positiva para el pueblo tucumano\u201d.<\/p>\n\n\n\n<p>En su mensaje, record\u00f3 el papel hist\u00f3rico de la Virgen en la Batalla de Tucum\u00e1n. \u201cEsta Virgen que no hay duda que la provincia de Tucum\u00e1n tiene una profunda fe cristiana a nuestra madre Virgen. La Virgen tiene que ver con una parte importante de la historia de la provincia de Tucum\u00e1n. No nos olvidemos que ella ha sido decisiva en la batalla del 24 de septiembre de 1812, cuando el ej\u00e9rcito de Belgrano, con ese gran gobernador, valiente y criollo, Bernab\u00e9 Araoz, les dijo a las tropas de Belgrano que la batalla la daba en Tucum\u00e1n y no en C\u00f3rdoba, como le ped\u00eda el Triunvirato en aquella \u00e9poca\u201d.<\/p>\n\n\n\n<p>Jaldo remarc\u00f3: \u201cYa se hab\u00eda abandonado Jujuy, que le llamaron el \u00c9xodo Juje\u00f1o, ya se hab\u00eda abandonado Salta, y el Triunvirato pretend\u00eda una vez m\u00e1s que se abandone Tucum\u00e1n. Y ah\u00ed hubo un gobernador, Bernab\u00e9 Araoz, que pidi\u00f3 al general Belgrano con sus tropas que la pelea la d\u00e9 ac\u00e1, en la provincia de Tucum\u00e1n, donde hab\u00eda tucumanos y tucumanas valientes, criollos y criollas valientes. Y ah\u00ed Belgrano dio la pelea con todo el pueblo tucumano y fue el primer triunfo que hemos tenido y los primeros pasos a la libertad. Pero si no fuese por la Virgen de la Merced, ese triunfo no se lograba. Si no hubiese sido por el milagro que hizo nuestra Virgen de la Merced, hoy quiz\u00e1s la historia de la Argentina era otra\u201d.<\/p>\n\n\n\n<p>Finalmente, el gobernador se\u00f1al\u00f3: \u201cPorque luego de la Batalla del Tucum\u00e1n, del 24 de septiembre, se marc\u00f3 un antes y un despu\u00e9s en lo que iba a ser la declaraci\u00f3n de la independencia de la Rep\u00fablica Argentina. Y porque el gobernador Bernab\u00e9 Ar\u00e1oz, el ej\u00e9rcito de Belgrano, con el acompa\u00f1amiento de la Virgen de la Merced, han decidido que la batalla la demos en Tucum\u00e1n. Luego, un 9 de julio de 1816, tambi\u00e9n se declar\u00f3 la independencia en nuestra provincia de Tucum\u00e1n con el acompa\u00f1amiento de la Virgen de la Merced. Miren si no vamos a estar agradecidos, que hoy nos venga a bendecir la Virgen a la casa de los tucumanos, que nos venga a bendecir a los que tomamos decisiones, que nos vengan a bendecir a todos lo que la quieran visitar. Todos los que quieran venir solo tienen que ingresar a la Casa de Gobierno para poder tocar, arrimarse y de esa manera este agradecer al Arzobispado\u201d.<\/p>\n\n\n\n<p>El padre Abel, p\u00e1rroco de la Bas\u00edlica Nuestra Se\u00f1ora de las Mercedes, explic\u00f3: \u201cestamos acompa\u00f1ando la imagen peregrina de Nuestra Madre de la Merced porque estamos en este tiempo muy previo a lo que es la fiesta arquidiocesana de Nuestra Se\u00f1ora de la Merced\u201d.<\/p>\n\n\n\n<p>El sacerdote destac\u00f3 la importancia de la presencia de la Virgen en la sede gubernamental. \u201ccreemos que es muy importante que nuestra madre llegue tambi\u00e9n a este lugar en donde seguro hay muchas maneras de participar de esta fiesta. Siempre la Gobernaci\u00f3n se hace presente, \u00e9l participa de lo que es el acto de la procesi\u00f3n y de la misa central el 24 de septiembre. Desde hace un tiempo tenemos la posibilidad, porque hay otras im\u00e1genes misioneras recorriendo, de que tambi\u00e9n una imagen misionera llegue a la Gobernaci\u00f3n, as\u00ed que por eso estamos ac\u00e1\u201d.<\/p>\n\n\n\n<p>Sobre el recorrido de la imagen, el padre Abel record\u00f3: \u201cprimero empez\u00f3 visitando nuestra provincia desde el interior, desde Trancas, por ejemplo, Taf\u00ed del Valle, Burruyacu, todo lo que es el interior: el este, el oeste, el sur. Ha visitado muchos pueblos, muchas parroquias del interior de nuestra arquidi\u00f3cesis, 51 parroquias. 51 parroquias en un mes es mucho y fue realmente algo muy hermoso ver c\u00f3mo llegaba a cada rinc\u00f3n\u201d.<\/p>\n\n\n\n<p>En este sentido, se\u00f1al\u00f3: \u201cpor eso es que tambi\u00e9n queremos que llegue la imagen, ac\u00e1 ha visitado la municipalidad, el Concejo Deliberante, instituciones como ANSES y el PAMI. El a\u00f1o pasado estuvo tambi\u00e9n en la Legislatura, y por eso creemos que es importante que tambi\u00e9n ac\u00e1, y con esta hermosa acogida del se\u00f1or Gobernador, de su gabinete y de todo el personal de la Casa de Gobierno\u201d.<\/p>\n","protected":false},"excerpt":{"rendered":"<p>La imagen peregrina de Nuestra Se\u00f1ora de la Merced visita el palacio gubernamental tucumano hasta&#8230;<\/p>\n","protected":false},"author":2,"featured_media":0,"comment_status":"open","ping_status":"open","sticky":false,"template":"","format":"standard","meta":{"footnotes":""},"categories":[2,1],"tags":[],"class_list":["post-46626","post","type-post","status-publish","format-standard","hentry","category-locales","category-uncategorized"],"_links":{"self":[{"href":"https:\/\/masquenoticiastucuman.com.ar\/index.php?rest_route=\/wp\/v2\/posts\/46626","targetHints":{"allow":["GET"]}}],"collection":[{"href":"https:\/\/masquenoticiastucuman.com.ar\/index.php?rest_route=\/wp\/v2\/posts"}],"about":[{"href":"https:\/\/masquenoticiastucuman.com.ar\/index.php?rest_route=\/wp\/v2\/types\/post"}],"author":[{"embeddable":true,"href":"https:\/\/masquenoticiastucuman.com.ar\/index.php?rest_route=\/wp\/v2\/users\/2"}],"replies":[{"embeddable":true,"href":"https:\/\/masquenoticiastucuman.com.ar\/index.php?rest_route=%2Fwp%2Fv2%2Fcomments&post=46626"}],"version-history":[{"count":1,"href":"https:\/\/masquenoticiastucuman.com.ar\/index.php?rest_route=\/wp\/v2\/posts\/46626\/revisions"}],"predecessor-version":[{"id":46635,"href":"https:\/\/masquenoticiastucuman.com.ar\/index.php?rest_route=\/wp\/v2\/posts\/46626\/revisions\/46635"}],"wp:attachment":[{"href":"https:\/\/masquenoticiastucuman.com.ar\/index.php?rest_route=%2Fwp%2Fv2%2Fmedia&parent=46626"}],"wp:term":[{"taxonomy":"category","embeddable":true,"href":"https:\/\/masquenoticiastucuman.com.ar\/index.php?rest_route=%2Fwp%2Fv2%2Fcategories&post=46626"},{"taxonomy":"post_tag","embeddable":true,"href":"https:\/\/masquenoticiastucuman.com.ar\/index.php?rest_route=%2Fwp%2Fv2%2Ftags&post=46626"}],"curies":[{"name":"wp","href":"https:\/\/api.w.org\/{rel}","templated":true}]}}