{"id":46636,"date":"2025-09-23T07:13:23","date_gmt":"2025-09-23T10:13:23","guid":{"rendered":"https:\/\/masquenoticiastucuman.com.ar\/?p=46636"},"modified":"2025-09-23T07:13:24","modified_gmt":"2025-09-23T10:13:24","slug":"jaldo-celebro-los-33-anos-de-las-talitas-inaugurando-obras","status":"publish","type":"post","link":"https:\/\/masquenoticiastucuman.com.ar\/?p=46636","title":{"rendered":"Jaldo celebr\u00f3 los 33 a\u00f1os de Las Talitas inaugurando obras"},"content":{"rendered":"\n<p>El Gobernador encabez\u00f3 los festejos que tambi\u00e9n incluyeron la presentaci\u00f3n del poncho talitense.<\/p>\n\n\n\n<p id=\"isPasted\">En el marco del 33\u00b0 aniversario de la municipalizaci\u00f3n de Las Talitas, el gobernador Osvaldo Jaldo dej\u00f3 inauguradas doce cuadras de pavimento articulado en calle 31, entre calles 8 y 18.<\/p>\n\n\n\n<p>El Gobernador estuvo acompa\u00f1ado por el ministro del Interior,&nbsp;<strong>Dar\u00edo Monteros<\/strong>; la diputada nacional&nbsp;<strong>Gladys Medina<\/strong>; la intendenta&nbsp;<strong>Marta Najar<\/strong>; los legisladores&nbsp;<strong>Javier Noguera<\/strong>&nbsp;y&nbsp;<strong>Carlos Najar<\/strong>; el interventor del IPV,&nbsp;<strong>Hugo Cabral<\/strong>; el titular del IPLA,&nbsp;<strong>Dante Loza<\/strong>; concejales y comisionados comunales.<\/p>\n\n\n\n<p>Jaldo destac\u00f3: \u201cA pesar de las dificultades y problemas financieros, trabajando en equipo con el gobierno provincial, podemos llevar obras de infraestructura e incorporar equipamiento para mejorar los servicios. Marta lleva un a\u00f1o y nueve meses de gesti\u00f3n y ya tenemos mucha gesti\u00f3n para mostrar. Siempre digo que nos midan por los hechos, por las realizaciones. La \u00fanica verdad es la realidad, y la realidad son las obras y los servicios concretos que este gobierno joven provincial y municipal ya ha concretado\u201d.<\/p>\n\n\n\n<p>La intendenta Marta Najar agradeci\u00f3 el respaldo provincial y remarc\u00f3: \u201cTreinta y tres a\u00f1os de municipalizaci\u00f3n son una fecha muy emotiva. Hoy inauguramos el pavimento articulado de la calle 31, doce cuadras que los vecinos esperaron cuarenta a\u00f1os. Adem\u00e1s, muchos pudieron regularizar las escrituras de sus viviendas. Sin la ayuda de nuestro gobernador no podr\u00edamos concretar estas obras ni atender a todos los barrios\u201d.<\/p>\n\n\n\n<figure class=\"wp-block-image size-large\"><img decoding=\"async\" src=\"https:\/\/masquenoticiastucuman.com.ar\/wp-content\/uploads\/2025\/09\/250922222626_99630-1024x682.jpeg\" alt=\"\" class=\"wp-image-46637\" \/><\/figure>\n\n\n\n<p>El legislador Carlos Najar subray\u00f3 el impacto social de la obra: \u201cEste pavimento articulado fue realizado por trabajadores municipales que antes estaban precarizados. Esto demuestra que, con pol\u00edticas inclusivas y presencia del Estado, se revitaliza la econom\u00eda local y se generan empleos genuinos\u201d.<\/p>\n\n\n\n<p>Por su parte, Dar\u00edo Monteros afirm\u00f3: \u201cEste aniversario demuestra que, cuando se trabaja en equipo, se mejora la calidad de vida de la gente. Como en Las Talitas, estas obras se replican en toda la provincia\u201d.<\/p>\n\n\n\n<p>Finalmente, Javier Noguera resalt\u00f3: \u201cEstamos hablando de un pueblo que progresa, que no se detiene a pesar de los desaf\u00edos nacionales. Es gratificante celebrar junto a esta comunidad y acompa\u00f1ar estas inauguraciones tan esperadas\u201d.<\/p>\n\n\n\n<p>El festejo incluy\u00f3 actividades culturales, la presentaci\u00f3n del Poncho Talitense y un gran acompa\u00f1amiento de vecinos en el Complejo Parque Independencia.<\/p>\n","protected":false},"excerpt":{"rendered":"<p>El Gobernador encabez\u00f3 los festejos que tambi\u00e9n incluyeron la presentaci\u00f3n del poncho talitense. En el&#8230;<\/p>\n","protected":false},"author":2,"featured_media":0,"comment_status":"open","ping_status":"open","sticky":false,"template":"","format":"standard","meta":{"footnotes":""},"categories":[2],"tags":[],"class_list":["post-46636","post","type-post","status-publish","format-standard","hentry","category-locales"],"_links":{"self":[{"href":"https:\/\/masquenoticiastucuman.com.ar\/index.php?rest_route=\/wp\/v2\/posts\/46636","targetHints":{"allow":["GET"]}}],"collection":[{"href":"https:\/\/masquenoticiastucuman.com.ar\/index.php?rest_route=\/wp\/v2\/posts"}],"about":[{"href":"https:\/\/masquenoticiastucuman.com.ar\/index.php?rest_route=\/wp\/v2\/types\/post"}],"author":[{"embeddable":true,"href":"https:\/\/masquenoticiastucuman.com.ar\/index.php?rest_route=\/wp\/v2\/users\/2"}],"replies":[{"embeddable":true,"href":"https:\/\/masquenoticiastucuman.com.ar\/index.php?rest_route=%2Fwp%2Fv2%2Fcomments&post=46636"}],"version-history":[{"count":1,"href":"https:\/\/masquenoticiastucuman.com.ar\/index.php?rest_route=\/wp\/v2\/posts\/46636\/revisions"}],"predecessor-version":[{"id":46639,"href":"https:\/\/masquenoticiastucuman.com.ar\/index.php?rest_route=\/wp\/v2\/posts\/46636\/revisions\/46639"}],"wp:attachment":[{"href":"https:\/\/masquenoticiastucuman.com.ar\/index.php?rest_route=%2Fwp%2Fv2%2Fmedia&parent=46636"}],"wp:term":[{"taxonomy":"category","embeddable":true,"href":"https:\/\/masquenoticiastucuman.com.ar\/index.php?rest_route=%2Fwp%2Fv2%2Fcategories&post=46636"},{"taxonomy":"post_tag","embeddable":true,"href":"https:\/\/masquenoticiastucuman.com.ar\/index.php?rest_route=%2Fwp%2Fv2%2Ftags&post=46636"}],"curies":[{"name":"wp","href":"https:\/\/api.w.org\/{rel}","templated":true}]}}