{"id":46652,"date":"2025-09-23T10:33:27","date_gmt":"2025-09-23T13:33:27","guid":{"rendered":"https:\/\/masquenoticiastucuman.com.ar\/?p=46652"},"modified":"2025-09-23T10:33:27","modified_gmt":"2025-09-23T13:33:27","slug":"historico-tucuman-celebra-la-llegada-del-vuelo-inaugural-de-copa-airlines","status":"publish","type":"post","link":"https:\/\/masquenoticiastucuman.com.ar\/?p=46652","title":{"rendered":"Hist\u00f3rico: Tucum\u00e1n celebra la llegada del vuelo inaugural de Copa Airlines"},"content":{"rendered":"\n<p>Desde el 25 de septiembre operar\u00e1 la nueva ruta de la aerol\u00ednea paname\u00f1a, con tres frecuencias semanales que conectar\u00e1n a la provincia con el mundo<\/p>\n\n\n\n<p>En la madrugada del jueves 25 de septiembre, Tucum\u00e1n vivir\u00e1 un hecho hist\u00f3rico con la&nbsp;<strong>llegada del primer vuelo de Copa Airlines<\/strong>&nbsp;al Aeropuerto Internacional Teniente Benjam\u00edn Matienzo. La nueva ruta, que&nbsp;<strong>conectar\u00e1 la provincia con Panam\u00e1<\/strong>&nbsp;con tres frecuencias semanales, marca un antes y un despu\u00e9s en la historia de la conectividad a\u00e9rea de Tucum\u00e1n, fortaleciendo su posicionamiento como destino tur\u00edstico y como polo estrat\u00e9gico para los negocios en el norte argentino.<\/p>\n\n\n\n<p>La concreci\u00f3n de este hito es resultado de la decisi\u00f3n pol\u00edtica del gobernador&nbsp;<strong>Osvaldo Jaldo<\/strong>, quien destac\u00f3 que la apertura de la ruta representa \u201cuna apuesta por el futuro de Tucum\u00e1n, que permitir\u00e1 dinamizar la econom\u00eda, generar empleo e impulsar sectores vinculados con el turismo, la industria y el comercio\u201d.<\/p>\n\n\n\n<p>La gesti\u00f3n se llev\u00f3 adelante de manera articulada entre el Gobierno provincial, el Ente Tucum\u00e1n Turismo (ETT), la C\u00e1mara de Turismo de Tucum\u00e1n (CAMTUC), Aeropuertos Argentina y la propia aerol\u00ednea paname\u00f1a.<\/p>\n\n\n\n<p><strong>Una bienvenida a la tucumana<\/strong><\/p>\n\n\n\n<p>El vuelo inaugural arribar\u00e1 a las 00:34 y ser\u00e1 recibido con el tradicional \u201cbautismo de agua\u201d, ceremonia que realizan los bomberos del aeropuerto al rociar la aeronave con arcos de agua a modo de bienvenida. En la terminal a\u00e9rea estar\u00e1n presentes autoridades del gobierno provincial, intendentes, representantes del sector privado, de Aeropuertos Argentina y representantes de Copa Airlines.<\/p>\n\n\n\n<p>Para agasajar a los pasajeros internacionales \u2014entre los que se encuentran agencias de viajes y medios de prensa de diversos pa\u00edses de Latinoam\u00e9rica y Estados Unidos \u2014 se organiz\u00f3 un recibimiento con m\u00fasica folkl\u00f3rica en vivo, un ballet tradicional, empanadas, los cl\u00e1sicos s\u00e1nguches de milanesa y productos regionales. Adem\u00e1s, se entregar\u00e1n presentes tanto a los visitantes que llegan como a los pasajeros que abordar\u00e1n el vuelo de regreso a Panam\u00e1 a la 1:50 de la madrugada.<\/p>\n\n\n\n<p>El presidente del Ente Tucum\u00e1n Turismo,&nbsp;<strong>Domingo Amaya<\/strong>, resalt\u00f3 la trascendencia de la ruta:&nbsp;<strong>\u201cDesde el inicio de la gesti\u00f3n, uno de los objetivos principales fue mejorar la conectividad a\u00e9rea. Con Copa Airlines, damos un paso gigante para mostrar al mundo lo que Tucum\u00e1n tiene para ofrecer en turismo, cultura, industria y producci\u00f3n\u201d.<\/strong><\/p>\n\n\n\n<p><strong>Conexi\u00f3n con el mundo<\/strong><\/p>\n\n\n\n<p>Copa Airlines operar\u00e1 tres vuelos semanales que unir\u00e1n Tucum\u00e1n con el Hub de las Am\u00e9ricas<strong><\/strong>, en Panam\u00e1, permitiendo a los pasajeros acceder a&nbsp;<strong>88 destinos en 33 pa\u00edses de Norte, Centro, Sudam\u00e9rica y el Caribe.&nbsp;<\/strong>Los vuelos partir\u00e1n desde Panam\u00e1 los lunes, mi\u00e9rcoles y s\u00e1bados a las 16:35 (hora local) y arribar\u00e1n a Tucum\u00e1n a las 00:34. En sentido inverso, despegar\u00e1n desde Tucum\u00e1n los martes, jueves y domingos a la 1:50, llegando a Panam\u00e1 a las 5:35 (hora local).<\/p>\n\n\n\n<p>La llegada de Copa Airlines abre una nueva etapa para Tucum\u00e1n, que se consolida como centro estrat\u00e9gico en el norte argentino, con beneficios directos para el turismo receptivo, para el comercio exterior y para las inversiones. Adem\u00e1s, el acuerdo incluye una campa\u00f1a de promoci\u00f3n internacional en conjunto con Aeropuertos Argentina y la aerol\u00ednea paname\u00f1a, que permitir\u00e1 potenciar la visibilidad del destino en mercados estrat\u00e9gicos.<\/p>\n\n\n\n<p>Con este avance, Tucum\u00e1n se conecta de manera directa con Panam\u00e1 y, a trav\u00e9s de su hub a\u00e9reo, con el mundo entero, consolidando un sue\u00f1o largamente esperado por el sector p\u00fablico y privado.<\/p>\n","protected":false},"excerpt":{"rendered":"<p>Desde el 25 de septiembre operar\u00e1 la nueva ruta de la aerol\u00ednea paname\u00f1a, con tres&#8230;<\/p>\n","protected":false},"author":2,"featured_media":0,"comment_status":"open","ping_status":"open","sticky":false,"template":"","format":"standard","meta":{"footnotes":""},"categories":[2],"tags":[],"class_list":["post-46652","post","type-post","status-publish","format-standard","hentry","category-locales"],"_links":{"self":[{"href":"https:\/\/masquenoticiastucuman.com.ar\/index.php?rest_route=\/wp\/v2\/posts\/46652","targetHints":{"allow":["GET"]}}],"collection":[{"href":"https:\/\/masquenoticiastucuman.com.ar\/index.php?rest_route=\/wp\/v2\/posts"}],"about":[{"href":"https:\/\/masquenoticiastucuman.com.ar\/index.php?rest_route=\/wp\/v2\/types\/post"}],"author":[{"embeddable":true,"href":"https:\/\/masquenoticiastucuman.com.ar\/index.php?rest_route=\/wp\/v2\/users\/2"}],"replies":[{"embeddable":true,"href":"https:\/\/masquenoticiastucuman.com.ar\/index.php?rest_route=%2Fwp%2Fv2%2Fcomments&post=46652"}],"version-history":[{"count":1,"href":"https:\/\/masquenoticiastucuman.com.ar\/index.php?rest_route=\/wp\/v2\/posts\/46652\/revisions"}],"predecessor-version":[{"id":46654,"href":"https:\/\/masquenoticiastucuman.com.ar\/index.php?rest_route=\/wp\/v2\/posts\/46652\/revisions\/46654"}],"wp:attachment":[{"href":"https:\/\/masquenoticiastucuman.com.ar\/index.php?rest_route=%2Fwp%2Fv2%2Fmedia&parent=46652"}],"wp:term":[{"taxonomy":"category","embeddable":true,"href":"https:\/\/masquenoticiastucuman.com.ar\/index.php?rest_route=%2Fwp%2Fv2%2Fcategories&post=46652"},{"taxonomy":"post_tag","embeddable":true,"href":"https:\/\/masquenoticiastucuman.com.ar\/index.php?rest_route=%2Fwp%2Fv2%2Ftags&post=46652"}],"curies":[{"name":"wp","href":"https:\/\/api.w.org\/{rel}","templated":true}]}}