{"id":46655,"date":"2025-09-23T10:40:48","date_gmt":"2025-09-23T13:40:48","guid":{"rendered":"https:\/\/masquenoticiastucuman.com.ar\/?p=46655"},"modified":"2025-09-23T10:40:49","modified_gmt":"2025-09-23T13:40:49","slug":"jaldo-tomo-juramento-a-mas-de-1-200-policias-y-entrego-equipamiento","status":"publish","type":"post","link":"https:\/\/masquenoticiastucuman.com.ar\/?p=46655","title":{"rendered":"Jaldo tom\u00f3 juramento a m\u00e1s de 1.200 polic\u00edas y entreg\u00f3 equipamiento"},"content":{"rendered":"\n<p>\u201cSi no le asignamos presupuesto a seguridad, no podr\u00edamos haber hecho esta pol\u00edtica\u00bb, asegur\u00f3 el gobernador.<\/p>\n\n\n\n<p id=\"isPasted\">El gobernador&nbsp;<strong>Osvaldo Jaldo<\/strong>&nbsp;encabez\u00f3 en la ma\u00f1ana del martes en Plaza Independencia el acto de nombramiento de&nbsp;<strong>1.237 aspirantes que ingresaron como Personal Transitorio Policial y<\/strong>&nbsp;entrega de equipamiento tecnol\u00f3gico para la fuerza de seguridad provincial cuya inversi\u00f3n gir\u00f3 en torno a los&nbsp;<strong>770 millones de pesos.<\/strong><\/p>\n\n\n\n<p>Acompa\u00f1aron al titular del sill\u00f3n de Lucas C\u00f3rdoba, el vicegobernador&nbsp;<strong>Miguel Acevedo, el presidente de la Corte Suprema de Justicia, Daniel Leiva, el ministro popular y de la defensa, Washington Navarro D\u00e1vila, el ministro de Seguridad, Eugenio Ag\u00fcero Gamboa, su par de Salud, Luis Medina Ruiz, el jefe de polic\u00eda, Joaqu\u00edn Girvau, el subjefe de polic\u00eda, comisario general doctor Roque Y\u00f1igo.<\/strong><\/p>\n\n\n\n<p>Tambi\u00e9n dijo presente la senadora nacional, se\u00f1ora&nbsp;<strong>Beatriz \u00c1vila, los diputados Gladys Medina y Agust\u00edn Fern\u00e1ndez, ministro del poder ejecutivo provincial, secretario general de la gobernaci\u00f3n, el presidente y vicepresidente de la comisi\u00f3n de seguridad de la legislatura de Tucum\u00e1n, legisladores Carlos N\u00e1jar y Ger\u00f3nimo Vargas Aignasse, Francisco G\u00f3mez y Patricia Liz\u00e1rraga,&nbsp;<\/strong>entre otros parlamentarios y el presidente del Concejo Deliberante de la ciudad de San Miguel de Tucum\u00e1n,&nbsp;<strong>Fernando Juri,<\/strong>&nbsp;concejales y secretarios y subsecretarios de Estado.<\/p>\n\n\n\n<p>\u201cEste paseo principal es testigo de las pol\u00edticas de seguridad que venimos implementando\u201d, dijo. Record\u00f3 que, cuando asumi\u00f3 en octubre de 2023, la fuerza contaba con casi once mil quinientos efectivos; \u201choy superamos los trece mil quinientos\u201d, subray\u00f3. Para \u00e9l, el crecimiento no se midi\u00f3 solo en n\u00fameros: \u201cEllos son quienes arriesgaron la vida para salvar y cuidar nuestras vidas\u201d.<\/p>\n\n\n\n<h2 class=\"wp-block-heading\">LA SEGURIDAD EN N\u00daMEROS<\/h2>\n\n\n\n<p><strong>13.500<\/strong>&nbsp;polic\u00edas<\/p>\n\n\n\n<p><strong>100<\/strong>&nbsp;por ciento de la inversi\u00f3n con recursos provinciales<\/p>\n\n\n\n<p><strong>1<\/strong>&nbsp;nueva c\u00e1rcel en Benjam\u00edn Paz<\/p>\n\n\n\n<p><strong>1&nbsp;<\/strong>Alcaid\u00eda en Delf\u00edn Gallo<\/p>\n\n\n\n<p>Jaldo describi\u00f3 la inversi\u00f3n en equipamiento: m\u00f3viles, motos, unidades especiales, armamento y tecnolog\u00eda adquiridos \u201cen apenas un a\u00f1o y nueve meses, con el cien por cien de recursos propios\u201d. En un pa\u00eds con dificultades econ\u00f3micas, insisti\u00f3 en que la provincia sostuvo \u201cuna administraci\u00f3n responsable del presupuesto\u201d, lo que permiti\u00f3 fortalecer la seguridad.<\/p>\n\n\n\n<blockquote class=\"wp-block-quote is-layout-flow wp-block-quote-is-layout-flow\">\n<p>El titular del Poder Ejecutivo hizo hincapi\u00e9 en la realidad que significa hoy tener otra c\u00e1rcel de m\u00e1xima seguridad inaugurada la semana pasada como es el complejo penitenciario de Benjam\u00edn Paz, \u201cquiz\u00e1 el m\u00e1s importante de la Rep\u00fablica Argentina\u201d, con cuatro pabellones que sumaron entre setecientas y ochocientas plazas. \u201cYa los polic\u00edas van a dejar de cuidar presos. El polic\u00eda tiene que estar en la calle cuidando a la gente\u201d, afirm\u00f3.<\/p>\n<\/blockquote>\n\n\n\n<p>El Primer Mandatario enlaz\u00f3 seguridad con planificaci\u00f3n integral: \u201cSi no le asignamos presupuesto a seguridad, no podr\u00edamos haber hecho esta pol\u00edtica. Si no le asignamos a salud, no tendr\u00edamos los hospitales que hoy tenemos. En un a\u00f1o y ocho meses construimos m\u00e1s de catorce escuelas nuevas y refaccionamos otras veinticinco\u201d. Para Jaldo, el presupuesto \u201cno es un gasto, es una inversi\u00f3n\u201d que busca mejorar la calidad de vida en Tucum\u00e1n.<\/p>\n\n\n\n<p>Cerr\u00f3 la conferencia prometiendo continuidad: \u201cEsto que hoy hicimos y que vamos a seguir haciendo es inversi\u00f3n. Vamos a seguir hasta el \u00faltimo d\u00eda de nuestro mandato\u201d.<\/p>\n\n\n\n<p>As\u00ed tambi\u00e9n presenciaron el acto el subdirector del Liceo Militar, general Gregorio Ar\u00e1oz de La Madrid, teniente coronel&nbsp;<strong>H\u00e9ctor Rodr\u00edguez, el segundo jefe de jefatura de regi\u00f3n cuarta de Gendarmer\u00eda Nacional, comandante mayor N\u00e9stor Galeano, el comisionado mayor C\u00e9sar Francisco,&nbsp;<\/strong>jefe de divisi\u00f3n log\u00edstica de la Polic\u00eda de Seguridad Aeroportuaria (PSA), el director y subdirector del servicio penitenciario, comisario general retirado&nbsp;<strong>Antonio Quinteros e inspector mayor licenciado Diego Leal&nbsp;<\/strong>respectivamente, como tambi\u00e9n la plana mayor policial y del servicio para intenciones provincial.<\/p>\n\n\n\n<h3 class=\"wp-block-heading\">Personal y equipamiento<\/h3>\n\n\n\n<p>Recordemos que juraron 1237 aspirantes, ya que ingresar\u00e1n como personal transitorio policial. Adem\u00e1s, el gobierno de la provincia de Tucum\u00e1n, a trav\u00e9s de su pol\u00edtica de gobierno en materia de seguridad, adquiri\u00f3 cuatrocientos equipos tecnol\u00f3gicos los cuales ser\u00e1n utilizados para la comunicaci\u00f3n radial del personal policial en la nueva transmisi\u00f3n digital en las \u00e1reas de la capital, brindando una comunicaci\u00f3n policial m\u00e1s n\u00edtida y segura mediante una inversi\u00f3n de 617 millones de pesos.<\/p>\n\n\n\n<p>Asimismo, la polic\u00eda de Tucum\u00e1n, a trav\u00e9s de la secci\u00f3n compras y contrataciones, dependiente de la direcci\u00f3n de administraci\u00f3n, procedi\u00f3 a la adquisici\u00f3n de equipamiento inform\u00e1tico y tecnol\u00f3gico, de protecci\u00f3n personal, de comunicaciones inmobiliarios, que ser\u00e1n entregados a distintas dependencias policiales, en un marco de permanente actualizaci\u00f3n y adecuaci\u00f3n de recursos, que, sin lugar a dudas, redundar\u00e1 en un mejor y m\u00e1s eficiente servicio a la comunidad a trav\u00e9s de una inversi\u00f3n que supera los 160 millones de pesos.<\/p>\n\n\n\n<h3 class=\"wp-block-heading\">Crecimiento<\/h3>\n\n\n\n<p>Por su parte, el vicegobernador, Miguel Acevedo, remarc\u00f3 que \u201cen menos de dos a\u00f1os la Polic\u00eda ha crecido en su planta m\u00e1s de un 20%\u201d lo que se tradujo en \u201c1.237 nuevos puestos de trabajo en Tucum\u00e1n\u201d. En ese sentido, el titular del Poder Legislativo explic\u00f3 que \u201ca nivel nacional se est\u00e1n perdiendo puestos de trabajo, mientras que en Tucum\u00e1n se han generado en una fuerza especial que est\u00e1 para cuidar los bienes y la vida de los tucumanos y tucumanas\u201d.<\/p>\n\n\n\n<p>En ese marco, Acevedo reafirm\u00f3 que \u201cla Legislatura siempre va a acompa\u00f1ar esta pol\u00edtica de Estado, con su comisi\u00f3n de Seguridad, que siempre ha estado en di\u00e1logo permanente con el Ministerio de Seguridad y con el Gobernador, para que la Legislatura provea los elementos y las leyes necesarias para que estas acciones se sigan desarrollando\u201d.<\/p>\n\n\n\n<h3 class=\"wp-block-heading\">Compromiso y disciplina<\/h3>\n\n\n\n<p>Ag\u00fcero Gamboa transmiti\u00f3 un mensaje que combin\u00f3 gratitud, disciplina y compromiso p\u00fablico. Record\u00f3 que la incorporaci\u00f3n de personal fue una \u201cdecisi\u00f3n firme del gobernador Osvaldo Jaldo\u201d, destinada a fortalecer la fuerza para cuidar la vida y los bienes de los tucumanos. Agradeci\u00f3 a las familias por \u201chaber apoyado a sus seres queridos en este desaf\u00edo que hoy empieza\u201d y les pidi\u00f3 que los acompa\u00f1en \u201cpor el camino de la moral, del honor y del trabajo\u201d.<\/p>\n\n\n\n<p>El ministro subray\u00f3 que la Polic\u00eda es \u201cuna fuerza totalmente vertical, donde las \u00f3rdenes son claras y precisas\u201d y que el deber central es cumplir con honor y profesionalismo. Remarc\u00f3 que los agentes se suman a \u201cun gran equipo\u201d que no se limita a la fuerza policial, sino que trabaja junto a todas las instituciones provinciales.<\/p>\n\n\n\n<p>El titular del \u00e1rea de Seguridad tambi\u00e9n agradeci\u00f3 el esfuerzo del Ministerio de Educaci\u00f3n, Econom\u00eda, Salud, Seguridad y de la Fiscal\u00eda de Estado, reconociendo que \u201csin su tarea no estar\u00edamos aqu\u00ed\u201d. Llam\u00f3 a los nuevos efectivos a \u201cseguir capacit\u00e1ndose y form\u00e1ndose\u201d en un per\u00edodo que describi\u00f3 como exigente: estudios, pr\u00e1cticas y la necesidad de fortaleza, finaliz\u00f3.<\/p>\n\n\n\n<figure class=\"wp-block-image size-large\"><img decoding=\"async\" src=\"https:\/\/masquenoticiastucuman.com.ar\/wp-content\/uploads\/2025\/09\/250923101927_40125-1024x682.jpg\" alt=\"\" class=\"wp-image-46656\" \/><\/figure>\n","protected":false},"excerpt":{"rendered":"<p>\u201cSi no le asignamos presupuesto a seguridad, no podr\u00edamos haber hecho esta pol\u00edtica\u00bb, asegur\u00f3 el&#8230;<\/p>\n","protected":false},"author":2,"featured_media":0,"comment_status":"open","ping_status":"open","sticky":false,"template":"","format":"standard","meta":{"footnotes":""},"categories":[2],"tags":[],"class_list":["post-46655","post","type-post","status-publish","format-standard","hentry","category-locales"],"_links":{"self":[{"href":"https:\/\/masquenoticiastucuman.com.ar\/index.php?rest_route=\/wp\/v2\/posts\/46655","targetHints":{"allow":["GET"]}}],"collection":[{"href":"https:\/\/masquenoticiastucuman.com.ar\/index.php?rest_route=\/wp\/v2\/posts"}],"about":[{"href":"https:\/\/masquenoticiastucuman.com.ar\/index.php?rest_route=\/wp\/v2\/types\/post"}],"author":[{"embeddable":true,"href":"https:\/\/masquenoticiastucuman.com.ar\/index.php?rest_route=\/wp\/v2\/users\/2"}],"replies":[{"embeddable":true,"href":"https:\/\/masquenoticiastucuman.com.ar\/index.php?rest_route=%2Fwp%2Fv2%2Fcomments&post=46655"}],"version-history":[{"count":1,"href":"https:\/\/masquenoticiastucuman.com.ar\/index.php?rest_route=\/wp\/v2\/posts\/46655\/revisions"}],"predecessor-version":[{"id":46658,"href":"https:\/\/masquenoticiastucuman.com.ar\/index.php?rest_route=\/wp\/v2\/posts\/46655\/revisions\/46658"}],"wp:attachment":[{"href":"https:\/\/masquenoticiastucuman.com.ar\/index.php?rest_route=%2Fwp%2Fv2%2Fmedia&parent=46655"}],"wp:term":[{"taxonomy":"category","embeddable":true,"href":"https:\/\/masquenoticiastucuman.com.ar\/index.php?rest_route=%2Fwp%2Fv2%2Fcategories&post=46655"},{"taxonomy":"post_tag","embeddable":true,"href":"https:\/\/masquenoticiastucuman.com.ar\/index.php?rest_route=%2Fwp%2Fv2%2Ftags&post=46655"}],"curies":[{"name":"wp","href":"https:\/\/api.w.org\/{rel}","templated":true}]}}