{"id":46659,"date":"2025-09-23T10:56:50","date_gmt":"2025-09-23T13:56:50","guid":{"rendered":"https:\/\/masquenoticiastucuman.com.ar\/?p=46659"},"modified":"2025-09-23T10:56:50","modified_gmt":"2025-09-23T13:56:50","slug":"jaldo-dijo-que-es-tan-importante-el-dialogo-de-milei-con-eeuu-como-dentro-del-pais","status":"publish","type":"post","link":"https:\/\/masquenoticiastucuman.com.ar\/?p=46659","title":{"rendered":"Jaldo dijo que es tan importante el di\u00e1logo de Milei con EEUU como dentro del pa\u00eds"},"content":{"rendered":"\n<p>\u201cMe parece importante que un presidente tenga di\u00e1logo, se est\u00e1 entendiendo que hay que dialogar, y cuando uno habla de di\u00e1logo, es di\u00e1logo para afuera y di\u00e1logo para adentro\u201d, expres\u00f3 el gobernador tucumano al tiempo que analiz\u00f3 el debate del presupuesto nacional en el Congreso.<\/p>\n\n\n\n<p id=\"isPasted\">El gobernador de Tucum\u00e1n,&nbsp;<strong>Osvaldo Jaldo<\/strong>, se refiri\u00f3 a la reuni\u00f3n que mantuvo el presidente,&nbsp;<strong>Javier Milei<\/strong>, con el exmandatario de Estados Unidos,&nbsp;<strong>Donald Trump,<\/strong>&nbsp;y valor\u00f3 la necesidad de mantener canales de di\u00e1logo en el plano internacional y nacional.<\/p>\n\n\n\n<p>\u201cMe parece importante que un presidente tenga di\u00e1logo, se est\u00e1 entendiendo que hay que dialogar, y cuando uno habla de di\u00e1logo, es di\u00e1logo para afuera y di\u00e1logo para adentro\u201d, expres\u00f3.<\/p>\n\n\n\n<p>El mandatario provincial explic\u00f3 que la relaci\u00f3n con Estados Unidos, como una de las principales potencias del mundo, constituye un aspecto relevante para la Argentina, pero advirti\u00f3 sobre la necesidad de que el Congreso Nacional respalde las gestiones que se concreten en el exterior. \u201cSi Estados Unidos nos sigue prestando recursos, lo primero que va a pedir es una ley, respaldo constitucional y legal, y eso es el Congreso. Por eso creo que es bueno el di\u00e1logo\u201d, sostuvo.<\/p>\n\n\n\n<p>En relaci\u00f3n con la pol\u00edtica econ\u00f3mica, Jaldo plante\u00f3 dudas sobre la estrategia nacional. \u201cPara m\u00ed tiene una interrogante seguir endeud\u00e1ndose porque por un lado nos hablan de equilibrio fiscal, pero por otro lado vamos a buscar m\u00e1s plata al exterior. Es como que yo les diga, tengo super\u00e1vit, pero ma\u00f1ana voy y saco un cr\u00e9dito. Entonces, \u00bfcu\u00e1l es la verdad?\u201d, se\u00f1al\u00f3.<\/p>\n\n\n\n<p>El gobernador remarc\u00f3 la necesidad de hablar con claridad a la ciudadan\u00eda. \u201cLos argentinos saben que estamos en una situaci\u00f3n compleja, saben que hay gente que no tiene para comer, no tiene vivienda, no tiene trabajo. Todo lo que sea para bien, no solo vamos a acompa\u00f1ar, sino que vamos a apoyar todo lo que sea necesario\u201d, afirm\u00f3.<\/p>\n\n\n\n<p>En cuanto al escenario electoral, record\u00f3 que el 26 de octubre se celebrar\u00e1n elecciones nacionales. \u201cLo que uno ve hoy es que cada representante institucional cuida su espacio pol\u00edtico, pero esto es transitorio. El 27 ya no hay m\u00e1s elecciones, hay que seguir gobernando la Argentina y Tucum\u00e1n. No hay que tomarlo con tanta pasi\u00f3n o agresividad\u201d, expres\u00f3.<\/p>\n\n\n\n<p>Finalmente, se refiri\u00f3 al tratamiento del presupuesto en el Congreso Nacional y a las asignaciones para Tucum\u00e1n. \u201cEstamos bien, creo que, con las obras proyectadas en ejecuci\u00f3n, anunciadas y por iniciarse, vamos a tener un buen a\u00f1o en infraestructura si se cumple el presupuesto. Adem\u00e1s, hay leyes sancionadas como la distribuci\u00f3n de los Aportes del Tesoro Nacional (ATN) y la coparticipaci\u00f3n de los combustibles l\u00edquidos, que tienen fuerza de ley y reconocen derechos de las provincias. Si se cumple con eso, entiendo que Tucum\u00e1n tiene que andar muy bien\u201d, concluy\u00f3.<\/p>\n","protected":false},"excerpt":{"rendered":"<p>\u201cMe parece importante que un presidente tenga di\u00e1logo, se est\u00e1 entendiendo que hay que dialogar,&#8230;<\/p>\n","protected":false},"author":2,"featured_media":0,"comment_status":"open","ping_status":"open","sticky":false,"template":"","format":"standard","meta":{"footnotes":""},"categories":[2],"tags":[],"class_list":["post-46659","post","type-post","status-publish","format-standard","hentry","category-locales"],"_links":{"self":[{"href":"https:\/\/masquenoticiastucuman.com.ar\/index.php?rest_route=\/wp\/v2\/posts\/46659","targetHints":{"allow":["GET"]}}],"collection":[{"href":"https:\/\/masquenoticiastucuman.com.ar\/index.php?rest_route=\/wp\/v2\/posts"}],"about":[{"href":"https:\/\/masquenoticiastucuman.com.ar\/index.php?rest_route=\/wp\/v2\/types\/post"}],"author":[{"embeddable":true,"href":"https:\/\/masquenoticiastucuman.com.ar\/index.php?rest_route=\/wp\/v2\/users\/2"}],"replies":[{"embeddable":true,"href":"https:\/\/masquenoticiastucuman.com.ar\/index.php?rest_route=%2Fwp%2Fv2%2Fcomments&post=46659"}],"version-history":[{"count":1,"href":"https:\/\/masquenoticiastucuman.com.ar\/index.php?rest_route=\/wp\/v2\/posts\/46659\/revisions"}],"predecessor-version":[{"id":46661,"href":"https:\/\/masquenoticiastucuman.com.ar\/index.php?rest_route=\/wp\/v2\/posts\/46659\/revisions\/46661"}],"wp:attachment":[{"href":"https:\/\/masquenoticiastucuman.com.ar\/index.php?rest_route=%2Fwp%2Fv2%2Fmedia&parent=46659"}],"wp:term":[{"taxonomy":"category","embeddable":true,"href":"https:\/\/masquenoticiastucuman.com.ar\/index.php?rest_route=%2Fwp%2Fv2%2Fcategories&post=46659"},{"taxonomy":"post_tag","embeddable":true,"href":"https:\/\/masquenoticiastucuman.com.ar\/index.php?rest_route=%2Fwp%2Fv2%2Ftags&post=46659"}],"curies":[{"name":"wp","href":"https:\/\/api.w.org\/{rel}","templated":true}]}}