{"id":46663,"date":"2025-09-23T11:01:03","date_gmt":"2025-09-23T14:01:03","guid":{"rendered":"http:\/\/masquenoticiastucuman.com.ar\/?p=46663"},"modified":"2025-09-23T11:01:03","modified_gmt":"2025-09-23T14:01:03","slug":"impuesto-distorsivo-el-gobierno-oficializo-la-baja-a-cero-de-las-retenciones-para-la-carne-bovina-aviar-y-equina","status":"publish","type":"post","link":"https:\/\/masquenoticiastucuman.com.ar\/?p=46663","title":{"rendered":"&#8220;Impuesto distorsivo&#8221;: el Gobierno oficializ\u00f3 la baja a cero de las retenciones para la carne bovina, aviar y equina"},"content":{"rendered":"<ul>\n<li>La medida regir\u00e1 hasta el 31 de octubre y los exportadores deber\u00e1n liquidar el 90% de las divisas en un plazo m\u00e1ximo de tres d\u00edas h\u00e1biles tras el embarque.<\/li>\n<\/ul>","protected":false},"excerpt":{"rendered":"<p>La medida regir\u00e1 hasta el 31 de octubre y los exportadores deber\u00e1n liquidar el 90%&#8230;<\/p>\n","protected":false},"author":1,"featured_media":0,"comment_status":"open","ping_status":"open","sticky":false,"template":"","format":"standard","meta":{"footnotes":""},"categories":[],"tags":[],"class_list":["post-46663","post","type-post","status-publish","format-standard","hentry"],"_links":{"self":[{"href":"https:\/\/masquenoticiastucuman.com.ar\/index.php?rest_route=\/wp\/v2\/posts\/46663","targetHints":{"allow":["GET"]}}],"collection":[{"href":"https:\/\/masquenoticiastucuman.com.ar\/index.php?rest_route=\/wp\/v2\/posts"}],"about":[{"href":"https:\/\/masquenoticiastucuman.com.ar\/index.php?rest_route=\/wp\/v2\/types\/post"}],"author":[{"embeddable":true,"href":"https:\/\/masquenoticiastucuman.com.ar\/index.php?rest_route=\/wp\/v2\/users\/1"}],"replies":[{"embeddable":true,"href":"https:\/\/masquenoticiastucuman.com.ar\/index.php?rest_route=%2Fwp%2Fv2%2Fcomments&post=46663"}],"version-history":[{"count":0,"href":"https:\/\/masquenoticiastucuman.com.ar\/index.php?rest_route=\/wp\/v2\/posts\/46663\/revisions"}],"wp:attachment":[{"href":"https:\/\/masquenoticiastucuman.com.ar\/index.php?rest_route=%2Fwp%2Fv2%2Fmedia&parent=46663"}],"wp:term":[{"taxonomy":"category","embeddable":true,"href":"https:\/\/masquenoticiastucuman.com.ar\/index.php?rest_route=%2Fwp%2Fv2%2Fcategories&post=46663"},{"taxonomy":"post_tag","embeddable":true,"href":"https:\/\/masquenoticiastucuman.com.ar\/index.php?rest_route=%2Fwp%2Fv2%2Ftags&post=46663"}],"curies":[{"name":"wp","href":"https:\/\/api.w.org\/{rel}","templated":true}]}}