{"id":46666,"date":"2025-09-23T11:01:04","date_gmt":"2025-09-23T14:01:04","guid":{"rendered":"http:\/\/masquenoticiastucuman.com.ar\/?p=46666"},"modified":"2025-09-23T11:01:04","modified_gmt":"2025-09-23T14:01:04","slug":"leandro-juncos-el-pibe-de-20-anos-que-probo-en-el-futbol-pero-al-que-la-tradicion-familiar-lo-empujo-al-automovilismo-y-ahora-debutara-en-el-galvez","status":"publish","type":"post","link":"https:\/\/masquenoticiastucuman.com.ar\/?p=46666","title":{"rendered":"Leandro Juncos, el pibe de 20 a\u00f1os que prob\u00f3 en el f\u00fatbol pero al que la tradici\u00f3n familiar lo empuj\u00f3 al automovilismo y ahora debutar\u00e1 en el G\u00e1lvez"},"content":{"rendered":"<ul>\n<li>El hijo de Ricardo Juncos, due\u00f1o del equipo Juncos Racing en la IndyCar, fue confirmado como el invitado de Facundo Aldrighetti en los 200 Kil\u00f3metros de Buenos Aires del TC2000.<\/li>\n<li>&#8220;Para m\u00ed correr en Buenos Aires y en el G\u00e1lvez es algo \u00fanico&#8221;, afirm\u00f3 quien naci\u00f3 en Miami pero corre con bandera argentina en la GB4 brit\u00e1nica.<\/li>\n<\/ul>","protected":false},"excerpt":{"rendered":"<p>El hijo de Ricardo Juncos, due\u00f1o del equipo Juncos Racing en la IndyCar, fue confirmado&#8230;<\/p>\n","protected":false},"author":1,"featured_media":0,"comment_status":"open","ping_status":"open","sticky":false,"template":"","format":"standard","meta":{"footnotes":""},"categories":[6],"tags":[],"class_list":["post-46666","post","type-post","status-publish","format-standard","hentry","category-deportes"],"_links":{"self":[{"href":"https:\/\/masquenoticiastucuman.com.ar\/index.php?rest_route=\/wp\/v2\/posts\/46666","targetHints":{"allow":["GET"]}}],"collection":[{"href":"https:\/\/masquenoticiastucuman.com.ar\/index.php?rest_route=\/wp\/v2\/posts"}],"about":[{"href":"https:\/\/masquenoticiastucuman.com.ar\/index.php?rest_route=\/wp\/v2\/types\/post"}],"author":[{"embeddable":true,"href":"https:\/\/masquenoticiastucuman.com.ar\/index.php?rest_route=\/wp\/v2\/users\/1"}],"replies":[{"embeddable":true,"href":"https:\/\/masquenoticiastucuman.com.ar\/index.php?rest_route=%2Fwp%2Fv2%2Fcomments&post=46666"}],"version-history":[{"count":0,"href":"https:\/\/masquenoticiastucuman.com.ar\/index.php?rest_route=\/wp\/v2\/posts\/46666\/revisions"}],"wp:attachment":[{"href":"https:\/\/masquenoticiastucuman.com.ar\/index.php?rest_route=%2Fwp%2Fv2%2Fmedia&parent=46666"}],"wp:term":[{"taxonomy":"category","embeddable":true,"href":"https:\/\/masquenoticiastucuman.com.ar\/index.php?rest_route=%2Fwp%2Fv2%2Fcategories&post=46666"},{"taxonomy":"post_tag","embeddable":true,"href":"https:\/\/masquenoticiastucuman.com.ar\/index.php?rest_route=%2Fwp%2Fv2%2Ftags&post=46666"}],"curies":[{"name":"wp","href":"https:\/\/api.w.org\/{rel}","templated":true}]}}