{"id":46692,"date":"2025-09-23T15:01:03","date_gmt":"2025-09-23T18:01:03","guid":{"rendered":"http:\/\/masquenoticiastucuman.com.ar\/?p=46692"},"modified":"2025-09-23T15:01:03","modified_gmt":"2025-09-23T18:01:03","slug":"mide-207-metros-y-tiene-apenas-11-anos-moussa-balla-traore-la-nueva-estrella-del-real-madrid-que-sorprende-al-mundo-del-basquet","status":"publish","type":"post","link":"https:\/\/masquenoticiastucuman.com.ar\/?p=46692","title":{"rendered":"Mide 2,07 metros y tiene apenas 11 a\u00f1os: Moussa Balla Traor\u00e9, la nueva estrella del Real Madrid que sorprende al mundo del b\u00e1squet"},"content":{"rendered":"<ul>\n<li>Es oriundo de Bamako, la capital de Mal\u00ed, y jugar\u00e1 en las infantiles del Merengue.<\/li>\n<li>Su caso recuerda otros similiares en la liga de Espa\u00f1a.<\/li>\n<\/ul>","protected":false},"excerpt":{"rendered":"<p>Es oriundo de Bamako, la capital de Mal\u00ed, y jugar\u00e1 en las infantiles del Merengue&#8230;.<\/p>\n","protected":false},"author":1,"featured_media":0,"comment_status":"open","ping_status":"open","sticky":false,"template":"","format":"standard","meta":{"footnotes":""},"categories":[6],"tags":[],"class_list":["post-46692","post","type-post","status-publish","format-standard","hentry","category-deportes"],"_links":{"self":[{"href":"https:\/\/masquenoticiastucuman.com.ar\/index.php?rest_route=\/wp\/v2\/posts\/46692","targetHints":{"allow":["GET"]}}],"collection":[{"href":"https:\/\/masquenoticiastucuman.com.ar\/index.php?rest_route=\/wp\/v2\/posts"}],"about":[{"href":"https:\/\/masquenoticiastucuman.com.ar\/index.php?rest_route=\/wp\/v2\/types\/post"}],"author":[{"embeddable":true,"href":"https:\/\/masquenoticiastucuman.com.ar\/index.php?rest_route=\/wp\/v2\/users\/1"}],"replies":[{"embeddable":true,"href":"https:\/\/masquenoticiastucuman.com.ar\/index.php?rest_route=%2Fwp%2Fv2%2Fcomments&post=46692"}],"version-history":[{"count":0,"href":"https:\/\/masquenoticiastucuman.com.ar\/index.php?rest_route=\/wp\/v2\/posts\/46692\/revisions"}],"wp:attachment":[{"href":"https:\/\/masquenoticiastucuman.com.ar\/index.php?rest_route=%2Fwp%2Fv2%2Fmedia&parent=46692"}],"wp:term":[{"taxonomy":"category","embeddable":true,"href":"https:\/\/masquenoticiastucuman.com.ar\/index.php?rest_route=%2Fwp%2Fv2%2Fcategories&post=46692"},{"taxonomy":"post_tag","embeddable":true,"href":"https:\/\/masquenoticiastucuman.com.ar\/index.php?rest_route=%2Fwp%2Fv2%2Ftags&post=46692"}],"curies":[{"name":"wp","href":"https:\/\/api.w.org\/{rel}","templated":true}]}}