{"id":46718,"date":"2025-09-23T20:01:03","date_gmt":"2025-09-23T23:01:03","guid":{"rendered":"http:\/\/masquenoticiastucuman.com.ar\/?p=46718"},"modified":"2025-09-23T20:01:03","modified_gmt":"2025-09-23T23:01:03","slug":"con-miguel-angel-russo-presente-tras-su-alta-medica-boca-hizo-su-primer-entrenamiento-semanal-con-la-mira-en-defensa-y-justicia","status":"publish","type":"post","link":"https:\/\/masquenoticiastucuman.com.ar\/?p=46718","title":{"rendered":"Con Miguel \u00c1ngel Russo presente tras su alta m\u00e9dica, Boca hizo su primer entrenamiento semanal con la mira en Defensa y Justicia"},"content":{"rendered":"<ul>\n<li>El entrenador estuvo algunas horas internado el lunes por un cuadro de deshidrataci\u00f3n, pero condujo la pr\u00e1ctica en Ezeiza.<\/li>\n<li>Adem\u00e1s, se confirm\u00f3 que habr\u00e1 hinchas visitantes en Florencio Varela.<\/li>\n<\/ul>","protected":false},"excerpt":{"rendered":"<p>El entrenador estuvo algunas horas internado el lunes por un cuadro de deshidrataci\u00f3n, pero condujo&#8230;<\/p>\n","protected":false},"author":1,"featured_media":0,"comment_status":"open","ping_status":"open","sticky":false,"template":"","format":"standard","meta":{"footnotes":""},"categories":[6],"tags":[],"class_list":["post-46718","post","type-post","status-publish","format-standard","hentry","category-deportes"],"_links":{"self":[{"href":"https:\/\/masquenoticiastucuman.com.ar\/index.php?rest_route=\/wp\/v2\/posts\/46718","targetHints":{"allow":["GET"]}}],"collection":[{"href":"https:\/\/masquenoticiastucuman.com.ar\/index.php?rest_route=\/wp\/v2\/posts"}],"about":[{"href":"https:\/\/masquenoticiastucuman.com.ar\/index.php?rest_route=\/wp\/v2\/types\/post"}],"author":[{"embeddable":true,"href":"https:\/\/masquenoticiastucuman.com.ar\/index.php?rest_route=\/wp\/v2\/users\/1"}],"replies":[{"embeddable":true,"href":"https:\/\/masquenoticiastucuman.com.ar\/index.php?rest_route=%2Fwp%2Fv2%2Fcomments&post=46718"}],"version-history":[{"count":0,"href":"https:\/\/masquenoticiastucuman.com.ar\/index.php?rest_route=\/wp\/v2\/posts\/46718\/revisions"}],"wp:attachment":[{"href":"https:\/\/masquenoticiastucuman.com.ar\/index.php?rest_route=%2Fwp%2Fv2%2Fmedia&parent=46718"}],"wp:term":[{"taxonomy":"category","embeddable":true,"href":"https:\/\/masquenoticiastucuman.com.ar\/index.php?rest_route=%2Fwp%2Fv2%2Fcategories&post=46718"},{"taxonomy":"post_tag","embeddable":true,"href":"https:\/\/masquenoticiastucuman.com.ar\/index.php?rest_route=%2Fwp%2Fv2%2Ftags&post=46718"}],"curies":[{"name":"wp","href":"https:\/\/api.w.org\/{rel}","templated":true}]}}