{"id":46748,"date":"2025-09-24T02:01:02","date_gmt":"2025-09-24T05:01:02","guid":{"rendered":"http:\/\/masquenoticiastucuman.com.ar\/?p=46748"},"modified":"2025-09-24T02:01:02","modified_gmt":"2025-09-24T05:01:02","slug":"los-arbitros-para-la-fecha-10-del-torneo-clausura-2025-quien-dirige-el-clasico-de-avellaneda-entre-racing-e-independiente","status":"publish","type":"post","link":"https:\/\/masquenoticiastucuman.com.ar\/?p=46748","title":{"rendered":"Los \u00e1rbitros para la fecha 10 del Torneo Clausura 2025: qui\u00e9n dirige el cl\u00e1sico de Avellaneda entre Racing e Independiente"},"content":{"rendered":"<ul>\n<li>La AFA anunci\u00f3 los encargados de impartir justicia en los 15 encuentros del pr\u00f3ximo fin de semana.<\/li>\n<li>Echavarr\u00eda estar\u00e1 en River &#8211; Deportivo Riestra y Jorge Bali\u00f1o en Defensa y Justicia vs Boca.<\/li>\n<\/ul>","protected":false},"excerpt":{"rendered":"<p>La AFA anunci\u00f3 los encargados de impartir justicia en los 15 encuentros del pr\u00f3ximo fin&#8230;<\/p>\n","protected":false},"author":1,"featured_media":0,"comment_status":"open","ping_status":"open","sticky":false,"template":"","format":"standard","meta":{"footnotes":""},"categories":[6],"tags":[],"class_list":["post-46748","post","type-post","status-publish","format-standard","hentry","category-deportes"],"_links":{"self":[{"href":"https:\/\/masquenoticiastucuman.com.ar\/index.php?rest_route=\/wp\/v2\/posts\/46748","targetHints":{"allow":["GET"]}}],"collection":[{"href":"https:\/\/masquenoticiastucuman.com.ar\/index.php?rest_route=\/wp\/v2\/posts"}],"about":[{"href":"https:\/\/masquenoticiastucuman.com.ar\/index.php?rest_route=\/wp\/v2\/types\/post"}],"author":[{"embeddable":true,"href":"https:\/\/masquenoticiastucuman.com.ar\/index.php?rest_route=\/wp\/v2\/users\/1"}],"replies":[{"embeddable":true,"href":"https:\/\/masquenoticiastucuman.com.ar\/index.php?rest_route=%2Fwp%2Fv2%2Fcomments&post=46748"}],"version-history":[{"count":0,"href":"https:\/\/masquenoticiastucuman.com.ar\/index.php?rest_route=\/wp\/v2\/posts\/46748\/revisions"}],"wp:attachment":[{"href":"https:\/\/masquenoticiastucuman.com.ar\/index.php?rest_route=%2Fwp%2Fv2%2Fmedia&parent=46748"}],"wp:term":[{"taxonomy":"category","embeddable":true,"href":"https:\/\/masquenoticiastucuman.com.ar\/index.php?rest_route=%2Fwp%2Fv2%2Fcategories&post=46748"},{"taxonomy":"post_tag","embeddable":true,"href":"https:\/\/masquenoticiastucuman.com.ar\/index.php?rest_route=%2Fwp%2Fv2%2Ftags&post=46748"}],"curies":[{"name":"wp","href":"https:\/\/api.w.org\/{rel}","templated":true}]}}