{"id":46764,"date":"2025-09-24T07:01:04","date_gmt":"2025-09-24T10:01:04","guid":{"rendered":"http:\/\/masquenoticiastucuman.com.ar\/?p=46764"},"modified":"2025-09-24T07:01:04","modified_gmt":"2025-09-24T10:01:04","slug":"werner-vogels-cto-de-amazon-lo-unico-que-hace-la-ia-generativa-es-alucinar-porque-no-tiene-cerebro","status":"publish","type":"post","link":"https:\/\/masquenoticiastucuman.com.ar\/?p=46764","title":{"rendered":"Werner Vogels, CTO de Amazon: \u201cLo \u00fanico que hace la IA generativa es alucinar, porque no tiene cerebro\u201d"},"content":{"rendered":"<ul>\n<li>De visita en Argentina, dijo que las empresas \u201ctienen miedo a quedarse afuera\u201d y adoptan IA sin saber para qu\u00e9. <\/li>\n<li>Advirti\u00f3 sobre la responsabilidad de las empresas en los usos de la inteligencia artificial.<\/li>\n<li>Antes de abrir la edici\u00f3n 2025 de Nerdearla, habl\u00f3 con Clar\u00edn.<\/li>\n<\/ul>","protected":false},"excerpt":{"rendered":"<p>De visita en Argentina, dijo que las empresas \u201ctienen miedo a quedarse afuera\u201d y adoptan&#8230;<\/p>\n","protected":false},"author":1,"featured_media":0,"comment_status":"open","ping_status":"open","sticky":false,"template":"","format":"standard","meta":{"footnotes":""},"categories":[8],"tags":[],"class_list":["post-46764","post","type-post","status-publish","format-standard","hentry","category-tecnologia"],"_links":{"self":[{"href":"https:\/\/masquenoticiastucuman.com.ar\/index.php?rest_route=\/wp\/v2\/posts\/46764","targetHints":{"allow":["GET"]}}],"collection":[{"href":"https:\/\/masquenoticiastucuman.com.ar\/index.php?rest_route=\/wp\/v2\/posts"}],"about":[{"href":"https:\/\/masquenoticiastucuman.com.ar\/index.php?rest_route=\/wp\/v2\/types\/post"}],"author":[{"embeddable":true,"href":"https:\/\/masquenoticiastucuman.com.ar\/index.php?rest_route=\/wp\/v2\/users\/1"}],"replies":[{"embeddable":true,"href":"https:\/\/masquenoticiastucuman.com.ar\/index.php?rest_route=%2Fwp%2Fv2%2Fcomments&post=46764"}],"version-history":[{"count":0,"href":"https:\/\/masquenoticiastucuman.com.ar\/index.php?rest_route=\/wp\/v2\/posts\/46764\/revisions"}],"wp:attachment":[{"href":"https:\/\/masquenoticiastucuman.com.ar\/index.php?rest_route=%2Fwp%2Fv2%2Fmedia&parent=46764"}],"wp:term":[{"taxonomy":"category","embeddable":true,"href":"https:\/\/masquenoticiastucuman.com.ar\/index.php?rest_route=%2Fwp%2Fv2%2Fcategories&post=46764"},{"taxonomy":"post_tag","embeddable":true,"href":"https:\/\/masquenoticiastucuman.com.ar\/index.php?rest_route=%2Fwp%2Fv2%2Ftags&post=46764"}],"curies":[{"name":"wp","href":"https:\/\/api.w.org\/{rel}","templated":true}]}}