{"id":46780,"date":"2025-09-24T09:01:03","date_gmt":"2025-09-24T12:01:03","guid":{"rendered":"http:\/\/masquenoticiastucuman.com.ar\/?p=46780"},"modified":"2025-09-24T09:01:03","modified_gmt":"2025-09-24T12:01:03","slug":"contepomi-sube-la-guardia-por-primera-vez-a-los-pumas-les-importa-quienes-seran-los-arbitros-vs-sudafrica-en-el-rugby-championship","status":"publish","type":"post","link":"https:\/\/masquenoticiastucuman.com.ar\/?p=46780","title":{"rendered":"Contepomi sube la guardia: por primera vez, a Los Pumas les importa qui\u00e9nes ser\u00e1n los \u00e1rbitros vs Sud\u00e1frica en el Rugby Championship"},"content":{"rendered":"<ul>\n<li>Cu\u00e1les son los antecedentes de los refer\u00eds para el partido y revancha de los pr\u00f3ximos fines de semana.<\/li>\n<li>A diferencia de los que dirigieron vs Australia, \u00e9stos no tienen pol\u00e9micas con la Selecci\u00f3n Argentina.<\/li>\n<li>Sanzaar no opin\u00f3 sobre los cuestionamientos del DT argentino y World Rugby no le contest\u00f3 a Clar\u00edn.<\/li>\n<\/ul>","protected":false},"excerpt":{"rendered":"<p>Cu\u00e1les son los antecedentes de los refer\u00eds para el partido y revancha de los pr\u00f3ximos&#8230;<\/p>\n","protected":false},"author":1,"featured_media":0,"comment_status":"open","ping_status":"open","sticky":false,"template":"","format":"standard","meta":{"footnotes":""},"categories":[6],"tags":[],"class_list":["post-46780","post","type-post","status-publish","format-standard","hentry","category-deportes"],"_links":{"self":[{"href":"https:\/\/masquenoticiastucuman.com.ar\/index.php?rest_route=\/wp\/v2\/posts\/46780","targetHints":{"allow":["GET"]}}],"collection":[{"href":"https:\/\/masquenoticiastucuman.com.ar\/index.php?rest_route=\/wp\/v2\/posts"}],"about":[{"href":"https:\/\/masquenoticiastucuman.com.ar\/index.php?rest_route=\/wp\/v2\/types\/post"}],"author":[{"embeddable":true,"href":"https:\/\/masquenoticiastucuman.com.ar\/index.php?rest_route=\/wp\/v2\/users\/1"}],"replies":[{"embeddable":true,"href":"https:\/\/masquenoticiastucuman.com.ar\/index.php?rest_route=%2Fwp%2Fv2%2Fcomments&post=46780"}],"version-history":[{"count":0,"href":"https:\/\/masquenoticiastucuman.com.ar\/index.php?rest_route=\/wp\/v2\/posts\/46780\/revisions"}],"wp:attachment":[{"href":"https:\/\/masquenoticiastucuman.com.ar\/index.php?rest_route=%2Fwp%2Fv2%2Fmedia&parent=46780"}],"wp:term":[{"taxonomy":"category","embeddable":true,"href":"https:\/\/masquenoticiastucuman.com.ar\/index.php?rest_route=%2Fwp%2Fv2%2Fcategories&post=46780"},{"taxonomy":"post_tag","embeddable":true,"href":"https:\/\/masquenoticiastucuman.com.ar\/index.php?rest_route=%2Fwp%2Fv2%2Ftags&post=46780"}],"curies":[{"name":"wp","href":"https:\/\/api.w.org\/{rel}","templated":true}]}}