{"id":46785,"date":"2025-09-24T09:52:28","date_gmt":"2025-09-24T12:52:28","guid":{"rendered":"https:\/\/masquenoticiastucuman.com.ar\/?p=46785"},"modified":"2025-09-24T09:52:29","modified_gmt":"2025-09-24T12:52:29","slug":"capturan-en-santiago-del-estero-al-acosador-que-era-intensamente-buscado-por-la-policia","status":"publish","type":"post","link":"https:\/\/masquenoticiastucuman.com.ar\/?p=46785","title":{"rendered":"Capturan en Santiago del Estero al acosador que era intensamente buscado por la Polic\u00eda"},"content":{"rendered":"\n<p>El hombre que permanec\u00eda pr\u00f3fugo de la Justicia por una causa de acoso y que era intensamente buscado por un equipo de la Divisi\u00f3n B\u00fasqueda y Captura de Pr\u00f3fugos fue capturado y detenido este martes en la provincia de Santiago del Estero.<\/p>\n\n\n\n<p id=\"isPasted\">El acusado, de 46 a\u00f1os, se encontraba bajo arresto domiciliario con una tobillera electr\u00f3nica, y al incumplir con esta medida se inici\u00f3 un operativo en su b\u00fasqueda. Los efectivos, dirigidos por el jefe de esta Divisi\u00f3n, Comisario&nbsp;<strong>Jorge Romano<\/strong>, realizaron tareas investigativas y entrevistas reservadas que derivaron en su paradero en la vecina provincia.<\/p>\n\n\n\n<p>Con este dato, los investigadores se comunicaron con la Divisi\u00f3n de B\u00fasqueda y Captura de Pr\u00f3fugos de Santiago del Estero. Es as\u00ed que el pr\u00f3fugo fue hallado en la v\u00eda p\u00fablica, en el Barrio Juan Felipe Ibarra, en esa provincia. All\u00ed fue detenido por desobediencia judicial, luego de que el Sistema Federal de Comunicaciones Policiales (SIFCOP) arrojara un pedido de captura vigente desde el 22 de septiembre firmado por la jueza de Ejecuci\u00f3n de Sentencias Centro Judicial Capital de Tucum\u00e1n,&nbsp;<strong>Ana Escobar.<\/strong><\/p>\n\n\n\n<p>Al intervenir, las autoridades de la Unidad Fiscal de Violencia de G\u00e9nero y Delitos contra la Integridad Sexual ordenaron que el hombre quede detenido y alojado en la Alcald\u00eda en esa provincia. &nbsp;<\/p>\n\n\n\n<p>El exitoso accionar de los investigadores fue supervisado por el director General de Investigaciones, Comisario General&nbsp;<strong>Miguel Carabajal.<\/strong><\/p>\n","protected":false},"excerpt":{"rendered":"<p>El hombre que permanec\u00eda pr\u00f3fugo de la Justicia por una causa de acoso y que&#8230;<\/p>\n","protected":false},"author":2,"featured_media":0,"comment_status":"open","ping_status":"open","sticky":false,"template":"","format":"standard","meta":{"footnotes":""},"categories":[2],"tags":[],"class_list":["post-46785","post","type-post","status-publish","format-standard","hentry","category-locales"],"_links":{"self":[{"href":"https:\/\/masquenoticiastucuman.com.ar\/index.php?rest_route=\/wp\/v2\/posts\/46785","targetHints":{"allow":["GET"]}}],"collection":[{"href":"https:\/\/masquenoticiastucuman.com.ar\/index.php?rest_route=\/wp\/v2\/posts"}],"about":[{"href":"https:\/\/masquenoticiastucuman.com.ar\/index.php?rest_route=\/wp\/v2\/types\/post"}],"author":[{"embeddable":true,"href":"https:\/\/masquenoticiastucuman.com.ar\/index.php?rest_route=\/wp\/v2\/users\/2"}],"replies":[{"embeddable":true,"href":"https:\/\/masquenoticiastucuman.com.ar\/index.php?rest_route=%2Fwp%2Fv2%2Fcomments&post=46785"}],"version-history":[{"count":1,"href":"https:\/\/masquenoticiastucuman.com.ar\/index.php?rest_route=\/wp\/v2\/posts\/46785\/revisions"}],"predecessor-version":[{"id":46787,"href":"https:\/\/masquenoticiastucuman.com.ar\/index.php?rest_route=\/wp\/v2\/posts\/46785\/revisions\/46787"}],"wp:attachment":[{"href":"https:\/\/masquenoticiastucuman.com.ar\/index.php?rest_route=%2Fwp%2Fv2%2Fmedia&parent=46785"}],"wp:term":[{"taxonomy":"category","embeddable":true,"href":"https:\/\/masquenoticiastucuman.com.ar\/index.php?rest_route=%2Fwp%2Fv2%2Fcategories&post=46785"},{"taxonomy":"post_tag","embeddable":true,"href":"https:\/\/masquenoticiastucuman.com.ar\/index.php?rest_route=%2Fwp%2Fv2%2Ftags&post=46785"}],"curies":[{"name":"wp","href":"https:\/\/api.w.org\/{rel}","templated":true}]}}