{"id":46797,"date":"2025-09-24T11:05:04","date_gmt":"2025-09-24T14:05:04","guid":{"rendered":"https:\/\/masquenoticiastucuman.com.ar\/?p=46797"},"modified":"2025-09-24T11:05:04","modified_gmt":"2025-09-24T14:05:04","slug":"jaldo-entrego-herramientas-y-asistencia-financiera-a-cooperativas-y-mutuales-por-300-millones","status":"publish","type":"post","link":"https:\/\/masquenoticiastucuman.com.ar\/?p=46797","title":{"rendered":"Jaldo entreg\u00f3 herramientas y asistencia financiera a cooperativas y mutuales por $300 millones"},"content":{"rendered":"\n<p>El titular del PE Osvaldo Jaldo encabez\u00f3 la entrega de equipamiento y asistencia financiera a cooperativas y mutuales de la provincia, en un acto organizado por el Instituto Provincial de Acci\u00f3n Cooperativa y Mutual (Ipacym).<\/p>\n\n\n\n<p id=\"isPasted\">En el Club Avellaneda Central, el Instituto Provincial de Acci\u00f3n Cooperativa y Mutual (Ipacym) celebr\u00f3 el acto \u201cLa Econom\u00eda Social Primero\u201d, donde el gobernador,&nbsp;<strong>Osvaldo Jaldo<\/strong>, entreg\u00f3 herramientas y maquinarias a cooperativas y mutuales por un monto total de inversi\u00f3n de $300.946.928.00.&nbsp;<\/p>\n\n\n\n<p>De la inversi\u00f3n, se destaca que $240.946.928 son destinados a 26 proyectos de cooperativas. A la vez que el mandatario provincial firm\u00f3 un convenio de asistencia financiera por $60.000.000.00 para tres organizaciones:&nbsp;<\/p>\n\n\n\n<p>1: Cooperativas Escolares de Tucum\u00e1n.<\/p>\n\n\n\n<p>2: Federaci\u00f3n de Asociaciones Mutualistas de Tucum\u00e1n.<\/p>\n\n\n\n<p>3: Cooperativa de Trabajo San Lorenzo M\u00e1rtir Limitada (hospitales).<\/p>\n\n\n\n<p>El gobernador fue acompa\u00f1ado por los ministros&nbsp;<strong>Dar\u00edo Monteros<\/strong>&nbsp;(Interior),&nbsp;<strong>Regino Amado<\/strong>&nbsp;(Gobierno y Justicia) y&nbsp;<strong>Federico Nazur<\/strong>, secretario General de la Gobernaci\u00f3n; el interventor del IPACyM,&nbsp;<strong>Regino Racedo<\/strong>; el titular de la SAT,&nbsp;<strong>Marcelo Caponio<\/strong>; el presidente del Ente Cultural de Tucum\u00e1n,&nbsp;<strong>Humberto Salazar<\/strong>; los diputados nacionales&nbsp;<strong>Gladys Medina<\/strong>&nbsp;y&nbsp;<strong>Agust\u00edn Fern\u00e1ndez<\/strong>; los legisladores:&nbsp;<strong>Marcelo Herrera, Alfredo Toscano y Maia Mart\u00ednez<\/strong>&nbsp;y el intendente de Simoca,&nbsp;<strong>Elvio Salazar.&nbsp;<\/strong><\/p>\n\n\n\n<figure class=\"wp-block-image size-large\"><img decoding=\"async\" src=\"https:\/\/masquenoticiastucuman.com.ar\/wp-content\/uploads\/2025\/09\/250923122943_87925-1024x682.jpg\" alt=\"\" class=\"wp-image-46802\" \/><\/figure>\n\n\n\n<p>Tras la ceremonia, el mandatario provincial resalt\u00f3 ante la prensa: \u201cLo primero que hay que destacar es el valor y la fortaleza que tiene cada cooperativista que le est\u00e1 tocando vivir en este mundo convulsionado, en esta Argentina complicada donde Tucum\u00e1n no est\u00e1 exento de complicaciones econ\u00f3micas y sociales. Estos cooperativistas, mutualistas, no se han quedado en su casa con los brazos cruzados porque saben que tienen una familia, que quieren lo mejor para sus hijos, sus nietos y es por eso que se han cooperativizado con ese gran sentido solidario de trabajar en equipo\u201d.<\/p>\n\n\n\n<p>Jaldo subray\u00f3 el rol del Ipacym en el fortalecimiento de la econom\u00eda social. \u201cPermanentemente estamos trabajando para cooperativizar y para ayudar a las cooperativas que ya vienen trabajando. Cooperativas de la construcci\u00f3n, sanitaristas, agr\u00edcolas ganaderas, gastron\u00f3micas que elaboran comidas tradicionales. Hoy lo que se est\u00e1 entregando son herramientas, se est\u00e1 entregando trabajo, se est\u00e1 entregando esfuerzo y sacrificio para poder llevar dignamente el pan a la casa de cada una de sus familias\u201d, manifest\u00f3.<\/p>\n\n\n\n<p>En su mensaje, el gobernador se refiri\u00f3 a la realidad que atraviesan los trabajadores del sector. \u201cHay que estar en el cuero de cada cooperativista que no consigue un trabajo seguro, que no tiene una obra social y que todos los d\u00edas tiene que pensar c\u00f3mo cocina para sus hijos, c\u00f3mo los manda a la escuela y ni qu\u00e9 pensar si se enferma alguien de la familia. La gente tiene que entender que estos trabajadores hoy se est\u00e1n esforzando porque no tienen un trabajo estable, no tienen un sueldo mensual y no tienen ni siquiera un aporte jubilatorio\u201d, expres\u00f3.<\/p>\n\n\n\n<p>Jaldo remarc\u00f3 la magnitud del movimiento cooperativo en la provincia. \u201cson m\u00e1s de 250 cooperativas y mutuales en la provincia\u2026 hoy el Ipacym est\u00e9 entregando herramientas que son sin\u00f3nimo de trabajo, de esfuerzo y de sacrificio. La gente no se queda en la casa, sale a trabajar y a esforzarse con las herramientas y el acompa\u00f1amiento que le viene dando el Gobierno provincial\u201d, indic\u00f3.<\/p>\n\n\n\n<p>El mandatario explic\u00f3 que la entrega de equipamiento permiti\u00f3 mejorar las condiciones laborales y destac\u00f3 que \u201cla gente no quiere que le den algo de arriba. Nosotros con estos equipamientos humanizamos la tarea del cooperativista, porque hay muchos cooperativistas que vienen haciendo veredas, pero lo hacen a pala y pico. Hoy le damos una hormigonera para poder humanizar la tarea, para poder producir m\u00e1s, pero tambi\u00e9n para que el esfuerzo y sacrificio humano no sea al extremo que lo puede llevar a perjudicar la salud\u201d, afirm\u00f3.<\/p>\n\n\n\n<p>Finalmente, Jaldo transmiti\u00f3 un reconocimiento a los trabajadores del sector: \u201cHoy es un gran d\u00eda en la provincia de Tucum\u00e1n, un gran d\u00eda del cooperativismo, del mutualismo. Es para agradecer, felicitar y tambi\u00e9n para imitar el gran esfuerzo que est\u00e1n haciendo\u201d.<\/p>\n\n\n\n<p>El interventor del Ipacym, Regino Racedo, destac\u00f3: \u201cTenemos dos programas muy fuertes en el Ipacym que son Buen Trabajo y Motores del Bicentenario, que todos estos a\u00f1os han venido equipando y entregando herramientas y maquinaria a las cooperativas. Hoy, un monto muy importante, 300 millones de pesos lo vamos a entregar en equipamiento\u201d.<\/p>\n\n\n\n<p>Racedo explic\u00f3 que fueron beneficiadas 26 cooperativas con equipamientos y que tres entidades firmaron convenios. \u201cEstamos hablando pr\u00e1cticamente de 30 entidades que reciben un monto muy importante. 300 millones de pesos en equipamiento de distintos rubros, textil, construcci\u00f3n, agropecuario, del interior y de la capital\u201d, detall\u00f3.<\/p>\n\n\n\n<p>El funcionario valor\u00f3 el rol del Estado provincial. \u201cCreo que la gente de las cooperativas sabe que en Tucum\u00e1n hay un Estado presente que no abandona a los trabajadores, que trata de acompa\u00f1ar el esfuerzo que hacen los tucumanos. Los cooperativistas sostienen empleo todos los d\u00edas y a veces no es f\u00e1cil, entonces requieren un Estado que est\u00e9 atr\u00e1s. El Gobierno de Tucum\u00e1n lo ha hecho todo este tiempo y lo va a seguir haciendo\u201d, expres\u00f3.<\/p>\n\n\n\n<p>Asimismo, se refiri\u00f3 a las \u00e1reas con las que se contin\u00faa articulando. \u201cEstamos trabajando con las cooperativas que hacen mantenimiento en las escuelas, que trabajan en los hospitales, con las escuelas cooperativas que tenemos muchas en la provincia. Ac\u00e1 hay, adem\u00e1s, mutuales, hay cooperativas de la construcci\u00f3n, hay agropecuarias, hay de todos los rubros, as\u00ed que creemos que el acto, adem\u00e1s, es bastante significativo de lo que es el movimiento cooperativo hoy en Tucum\u00e1n\u201d, afirm\u00f3.<\/p>\n\n\n\n<p>\u201cEstoy muy contenta de poder ser parte de esta entrega de maquinarias que les va a servir a las distintas cooperativas\u201d, expres\u00f3 la diputada nacional del bloque Independencia, Gladys Medina, al finalizar el acto y en contacto con la prensa. La parlamentaria nacional resalt\u00f3 que, frente a las dificultades econ\u00f3micas que atraviesa el pa\u00eds, el esfuerzo colectivo de grupos de personas que se unen para emprender adquiere un valor estrat\u00e9gico. \u201cHoy vemos hornos, m\u00e1quinas de coser y equipos para el trabajo en el campo, pero tambi\u00e9n hay instituciones educativas que tienen cooperativas. Es en estos momentos dif\u00edciles que creo que la Argentina se va a levantar justamente con trabajo\u201d, a\u00f1adi\u00f3.<\/p>\n\n\n\n<p>&nbsp;Medina subray\u00f3 que el acompa\u00f1amiento del gobierno provincial a los trabajadores, emprendedores y cooperativistas busca no solo sostener la producci\u00f3n local, sino tambi\u00e9n generar nuevas oportunidades laborales. \u201cLo que hacemos desde el gobierno de Tucum\u00e1n es apoyar a quienes se organizan para producir m\u00e1s trabajo y fortalecer nuestras comunidades\u201d, concluy\u00f3.<\/p>\n\n\n\n<p>La entrega de equipos y materiales se enmarca en un plan m\u00e1s amplio del gobierno provincial para impulsar la econom\u00eda social y solidaria, promoviendo que los peque\u00f1os emprendimientos y cooperativas accedan a recursos que les permitan consolidar sus actividades y diversificar sus fuentes de ingreso.<\/p>\n\n\n\n<p><strong>Apuntalar la fuente de empleo<\/strong><\/p>\n\n\n\n<p><strong>Claudia Noem\u00ed Aybar<\/strong>, emprendedora de El Cercado, departamento Montero, cont\u00f3 que conform\u00f3 una cooperativa textil, por la que recibi\u00f3 m\u00e1quinas de coser y materiales de trabajo, y agradeci\u00f3 por el apoyo al Gobierno de la Provincia. \u201cLa ayuda que nos da el Gobernador es muy valiosa. Nos permitir\u00e1 crecer, ya que son tiempos dif\u00edciles para los emprendedores. Hace poco nos formamos como cooperativa y esta esto que nos est\u00e1n dando ac\u00e1 es una gran ayuda para nosotros\u201d.<\/p>\n\n\n\n<p><strong>Carlos Alberto N\u00fa\u00f1ez<\/strong>, oriundo de Juan Bautista Alberdi, forma parte de la cooperativa Agroindustrial El Molino. Por medio del Ipacym recibi\u00f3 herramientas para trabajos de electricidad en un molino harinero. \u201cCon estas herramientas, con las que pondremos en marcha el tablero el\u00e9ctrico del molino, podremos producir treinta mil kilos diarios de harina, en tres turnos de sesenta personas cada uno, totalizando ciento ochenta personas trabajando\u201d, precis\u00f3.<\/p>\n\n\n\n<p>\u201cLe damos las gracias al Gobernador y a todo el equipo del Ipacym por este plan de gobierno que viene apuntalando a las cooperativas, porque toda esta gente trabajadora est\u00e1 con una esperanza muy grande\u201d, celebr\u00f3 Carlos Alberto.<\/p>\n\n\n\n<p>En ese sentido, el emprendedor remarc\u00f3 que \u201cdesde la Naci\u00f3n no estamos recibiendo nada, aunque estamos pidiendo, no hay nada. Por eso, estamos tremendamente agradecidos con el Gobierno de la Provincia\u201d.&nbsp;<\/p>\n\n\n\n<p><strong>C\u00e9sar Augusto Molina<\/strong>, de la cooperativa Agro Arcadia del sur de la provincia, coment\u00f3 que \u201cjunto a amigos armamos la cooperativa con fines de trabajar. Hicimos el proyecto y nos ayudaron mucho desde el Ipacym\u201d. Sobre su emprendimiento por el que recibieron herramientas de trabajo \u2013una chipeadora para reducir residuos org\u00e1nicos de desmalizamiento, una cortadora de c\u00e9sped y una fumigadora\u2013 dijo: \u201cCon estas m\u00e1quinas vamos a cumplir objetivos en una finca que tenemos y vamos a ver si podemos dar trabajo a alguien, que eso es lo importante. Estamos agradecidos por la ayuda que nos da el Gobierno\u201d.<\/p>\n","protected":false},"excerpt":{"rendered":"<p>El titular del PE Osvaldo Jaldo encabez\u00f3 la entrega de equipamiento y asistencia financiera a&#8230;<\/p>\n","protected":false},"author":2,"featured_media":0,"comment_status":"open","ping_status":"open","sticky":false,"template":"","format":"standard","meta":{"footnotes":""},"categories":[2],"tags":[],"class_list":["post-46797","post","type-post","status-publish","format-standard","hentry","category-locales"],"_links":{"self":[{"href":"https:\/\/masquenoticiastucuman.com.ar\/index.php?rest_route=\/wp\/v2\/posts\/46797","targetHints":{"allow":["GET"]}}],"collection":[{"href":"https:\/\/masquenoticiastucuman.com.ar\/index.php?rest_route=\/wp\/v2\/posts"}],"about":[{"href":"https:\/\/masquenoticiastucuman.com.ar\/index.php?rest_route=\/wp\/v2\/types\/post"}],"author":[{"embeddable":true,"href":"https:\/\/masquenoticiastucuman.com.ar\/index.php?rest_route=\/wp\/v2\/users\/2"}],"replies":[{"embeddable":true,"href":"https:\/\/masquenoticiastucuman.com.ar\/index.php?rest_route=%2Fwp%2Fv2%2Fcomments&post=46797"}],"version-history":[{"count":1,"href":"https:\/\/masquenoticiastucuman.com.ar\/index.php?rest_route=\/wp\/v2\/posts\/46797\/revisions"}],"predecessor-version":[{"id":46804,"href":"https:\/\/masquenoticiastucuman.com.ar\/index.php?rest_route=\/wp\/v2\/posts\/46797\/revisions\/46804"}],"wp:attachment":[{"href":"https:\/\/masquenoticiastucuman.com.ar\/index.php?rest_route=%2Fwp%2Fv2%2Fmedia&parent=46797"}],"wp:term":[{"taxonomy":"category","embeddable":true,"href":"https:\/\/masquenoticiastucuman.com.ar\/index.php?rest_route=%2Fwp%2Fv2%2Fcategories&post=46797"},{"taxonomy":"post_tag","embeddable":true,"href":"https:\/\/masquenoticiastucuman.com.ar\/index.php?rest_route=%2Fwp%2Fv2%2Ftags&post=46797"}],"curies":[{"name":"wp","href":"https:\/\/api.w.org\/{rel}","templated":true}]}}