{"id":46809,"date":"2025-09-24T13:01:02","date_gmt":"2025-09-24T16:01:02","guid":{"rendered":"http:\/\/masquenoticiastucuman.com.ar\/?p=46809"},"modified":"2025-09-24T13:01:02","modified_gmt":"2025-09-24T16:01:02","slug":"china-acelera-la-compra-de-soja-argentina-tras-la-baja-de-retenciones-que-impulso-javier-milei","status":"publish","type":"post","link":"https:\/\/masquenoticiastucuman.com.ar\/?p=46809","title":{"rendered":"China acelera la compra de soja argentina tras la baja de retenciones que impuls\u00f3 Javier Milei"},"content":{"rendered":"<ul>\n<li>El gigante asi\u00e1tico compr\u00f3 al menos 10 cargamentos m\u00e1s de la oleaginosa.La al\u00edcuota pas\u00f3 del 26% a 0% hasta el 31 de octubre.<\/li>\n<\/ul>","protected":false},"excerpt":{"rendered":"<p>El gigante asi\u00e1tico compr\u00f3 al menos 10 cargamentos m\u00e1s de la oleaginosa.La al\u00edcuota pas\u00f3 del&#8230;<\/p>\n","protected":false},"author":1,"featured_media":0,"comment_status":"open","ping_status":"open","sticky":false,"template":"","format":"standard","meta":{"footnotes":""},"categories":[],"tags":[],"class_list":["post-46809","post","type-post","status-publish","format-standard","hentry"],"_links":{"self":[{"href":"https:\/\/masquenoticiastucuman.com.ar\/index.php?rest_route=\/wp\/v2\/posts\/46809","targetHints":{"allow":["GET"]}}],"collection":[{"href":"https:\/\/masquenoticiastucuman.com.ar\/index.php?rest_route=\/wp\/v2\/posts"}],"about":[{"href":"https:\/\/masquenoticiastucuman.com.ar\/index.php?rest_route=\/wp\/v2\/types\/post"}],"author":[{"embeddable":true,"href":"https:\/\/masquenoticiastucuman.com.ar\/index.php?rest_route=\/wp\/v2\/users\/1"}],"replies":[{"embeddable":true,"href":"https:\/\/masquenoticiastucuman.com.ar\/index.php?rest_route=%2Fwp%2Fv2%2Fcomments&post=46809"}],"version-history":[{"count":0,"href":"https:\/\/masquenoticiastucuman.com.ar\/index.php?rest_route=\/wp\/v2\/posts\/46809\/revisions"}],"wp:attachment":[{"href":"https:\/\/masquenoticiastucuman.com.ar\/index.php?rest_route=%2Fwp%2Fv2%2Fmedia&parent=46809"}],"wp:term":[{"taxonomy":"category","embeddable":true,"href":"https:\/\/masquenoticiastucuman.com.ar\/index.php?rest_route=%2Fwp%2Fv2%2Fcategories&post=46809"},{"taxonomy":"post_tag","embeddable":true,"href":"https:\/\/masquenoticiastucuman.com.ar\/index.php?rest_route=%2Fwp%2Fv2%2Ftags&post=46809"}],"curies":[{"name":"wp","href":"https:\/\/api.w.org\/{rel}","templated":true}]}}