{"id":46811,"date":"2025-09-24T13:01:03","date_gmt":"2025-09-24T16:01:03","guid":{"rendered":"http:\/\/masquenoticiastucuman.com.ar\/?p=46811"},"modified":"2025-09-24T13:01:03","modified_gmt":"2025-09-24T16:01:03","slug":"las-bombas-de-toviggino-contra-milei-por-su-ausencia-en-la-reunion-del-mundial-2030-odian-lo-popular","status":"publish","type":"post","link":"https:\/\/masquenoticiastucuman.com.ar\/?p=46811","title":{"rendered":"Las bombas de Toviggino contra Milei por su ausencia en la reuni\u00f3n del Mundial 2030: &#8220;Odian lo popular&#8221;"},"content":{"rendered":"<ul>\n<li>El tesorero de la AFA y mano derecha de Claudio Tapia apunt\u00f3 contra el presidente de la Naci\u00f3n.<\/li>\n<li>&#8220;Hoy Milei le dio la espalda a la iniciativa m\u00e1s importante de la historia del f\u00fatbol sudamericano&#8221;, poste\u00f3 en sus redes.<\/li>\n<\/ul>","protected":false},"excerpt":{"rendered":"<p>El tesorero de la AFA y mano derecha de Claudio Tapia apunt\u00f3 contra el presidente&#8230;<\/p>\n","protected":false},"author":1,"featured_media":0,"comment_status":"open","ping_status":"open","sticky":false,"template":"","format":"standard","meta":{"footnotes":""},"categories":[6],"tags":[],"class_list":["post-46811","post","type-post","status-publish","format-standard","hentry","category-deportes"],"_links":{"self":[{"href":"https:\/\/masquenoticiastucuman.com.ar\/index.php?rest_route=\/wp\/v2\/posts\/46811","targetHints":{"allow":["GET"]}}],"collection":[{"href":"https:\/\/masquenoticiastucuman.com.ar\/index.php?rest_route=\/wp\/v2\/posts"}],"about":[{"href":"https:\/\/masquenoticiastucuman.com.ar\/index.php?rest_route=\/wp\/v2\/types\/post"}],"author":[{"embeddable":true,"href":"https:\/\/masquenoticiastucuman.com.ar\/index.php?rest_route=\/wp\/v2\/users\/1"}],"replies":[{"embeddable":true,"href":"https:\/\/masquenoticiastucuman.com.ar\/index.php?rest_route=%2Fwp%2Fv2%2Fcomments&post=46811"}],"version-history":[{"count":0,"href":"https:\/\/masquenoticiastucuman.com.ar\/index.php?rest_route=\/wp\/v2\/posts\/46811\/revisions"}],"wp:attachment":[{"href":"https:\/\/masquenoticiastucuman.com.ar\/index.php?rest_route=%2Fwp%2Fv2%2Fmedia&parent=46811"}],"wp:term":[{"taxonomy":"category","embeddable":true,"href":"https:\/\/masquenoticiastucuman.com.ar\/index.php?rest_route=%2Fwp%2Fv2%2Fcategories&post=46811"},{"taxonomy":"post_tag","embeddable":true,"href":"https:\/\/masquenoticiastucuman.com.ar\/index.php?rest_route=%2Fwp%2Fv2%2Ftags&post=46811"}],"curies":[{"name":"wp","href":"https:\/\/api.w.org\/{rel}","templated":true}]}}