{"id":46827,"date":"2025-09-24T15:01:03","date_gmt":"2025-09-24T18:01:03","guid":{"rendered":"http:\/\/masquenoticiastucuman.com.ar\/?p=46827"},"modified":"2025-09-24T15:01:03","modified_gmt":"2025-09-24T18:01:03","slug":"boca-con-hinchas-a-florencio-varela-defensa-y-justicia-confirmo-como-sera-la-venta-de-las-3-000-entradas-para-visitantes-y-el-precio","status":"publish","type":"post","link":"https:\/\/masquenoticiastucuman.com.ar\/?p=46827","title":{"rendered":"Boca, con hinchas a Florencio Varela: Defensa y Justicia confirm\u00f3 c\u00f3mo ser\u00e1 la venta de las 3.000 entradas para visitantes y el precio"},"content":{"rendered":"<ul>\n<li>El club del sur bonaerense utilizar\u00e1 una aplicaci\u00f3n y respetar\u00e1 prioridades.<\/li>\n<li>El expendio libre se inicia este mi\u00e9rcoles desde las 22 horas.<\/li>\n<li>Los fan\u00e1ticos del Xeneize no podr\u00e1n llevar banderas al Norberto Tomaguello.<\/li>\n<\/ul>","protected":false},"excerpt":{"rendered":"<p>El club del sur bonaerense utilizar\u00e1 una aplicaci\u00f3n y respetar\u00e1 prioridades. El expendio libre se&#8230;<\/p>\n","protected":false},"author":1,"featured_media":0,"comment_status":"open","ping_status":"open","sticky":false,"template":"","format":"standard","meta":{"footnotes":""},"categories":[6],"tags":[],"class_list":["post-46827","post","type-post","status-publish","format-standard","hentry","category-deportes"],"_links":{"self":[{"href":"https:\/\/masquenoticiastucuman.com.ar\/index.php?rest_route=\/wp\/v2\/posts\/46827","targetHints":{"allow":["GET"]}}],"collection":[{"href":"https:\/\/masquenoticiastucuman.com.ar\/index.php?rest_route=\/wp\/v2\/posts"}],"about":[{"href":"https:\/\/masquenoticiastucuman.com.ar\/index.php?rest_route=\/wp\/v2\/types\/post"}],"author":[{"embeddable":true,"href":"https:\/\/masquenoticiastucuman.com.ar\/index.php?rest_route=\/wp\/v2\/users\/1"}],"replies":[{"embeddable":true,"href":"https:\/\/masquenoticiastucuman.com.ar\/index.php?rest_route=%2Fwp%2Fv2%2Fcomments&post=46827"}],"version-history":[{"count":0,"href":"https:\/\/masquenoticiastucuman.com.ar\/index.php?rest_route=\/wp\/v2\/posts\/46827\/revisions"}],"wp:attachment":[{"href":"https:\/\/masquenoticiastucuman.com.ar\/index.php?rest_route=%2Fwp%2Fv2%2Fmedia&parent=46827"}],"wp:term":[{"taxonomy":"category","embeddable":true,"href":"https:\/\/masquenoticiastucuman.com.ar\/index.php?rest_route=%2Fwp%2Fv2%2Fcategories&post=46827"},{"taxonomy":"post_tag","embeddable":true,"href":"https:\/\/masquenoticiastucuman.com.ar\/index.php?rest_route=%2Fwp%2Fv2%2Ftags&post=46827"}],"curies":[{"name":"wp","href":"https:\/\/api.w.org\/{rel}","templated":true}]}}