{"id":46839,"date":"2025-09-24T17:01:04","date_gmt":"2025-09-24T20:01:04","guid":{"rendered":"http:\/\/masquenoticiastucuman.com.ar\/?p=46839"},"modified":"2025-09-24T17:01:04","modified_gmt":"2025-09-24T20:01:04","slug":"miguel-russo-no-esta-en-la-practica-de-boca-en-la-bombonera-quedara-internado-en-observacion-tras-realizarse-un-chequeo-medico","status":"publish","type":"post","link":"https:\/\/masquenoticiastucuman.com.ar\/?p=46839","title":{"rendered":"Miguel Russo no est\u00e1 en la pr\u00e1ctica de Boca en la Bombonera: quedar\u00e1 internado en observaci\u00f3n tras realizarse un chequeo m\u00e9dico"},"content":{"rendered":"<ul>\n<li>El entrenador, que sufri\u00f3 un nuevo cuadro de deshidrataci\u00f3n este lunes, pasar\u00e1 la noche en una cl\u00ednica porte\u00f1a.<\/li>\n<li>Se hab\u00eda reincorporado al trabajo este martes, en Boca Predio.<\/li>\n<li>El entrenamiento est\u00e1 al mando de Claudio Ubeda, de cara al partido del s\u00e1bado ante Defensa y Justicia.<\/li>\n<\/ul>","protected":false},"excerpt":{"rendered":"<p>El entrenador, que sufri\u00f3 un nuevo cuadro de deshidrataci\u00f3n este lunes, pasar\u00e1 la noche en&#8230;<\/p>\n","protected":false},"author":1,"featured_media":0,"comment_status":"open","ping_status":"open","sticky":false,"template":"","format":"standard","meta":{"footnotes":""},"categories":[6],"tags":[],"class_list":["post-46839","post","type-post","status-publish","format-standard","hentry","category-deportes"],"_links":{"self":[{"href":"https:\/\/masquenoticiastucuman.com.ar\/index.php?rest_route=\/wp\/v2\/posts\/46839","targetHints":{"allow":["GET"]}}],"collection":[{"href":"https:\/\/masquenoticiastucuman.com.ar\/index.php?rest_route=\/wp\/v2\/posts"}],"about":[{"href":"https:\/\/masquenoticiastucuman.com.ar\/index.php?rest_route=\/wp\/v2\/types\/post"}],"author":[{"embeddable":true,"href":"https:\/\/masquenoticiastucuman.com.ar\/index.php?rest_route=\/wp\/v2\/users\/1"}],"replies":[{"embeddable":true,"href":"https:\/\/masquenoticiastucuman.com.ar\/index.php?rest_route=%2Fwp%2Fv2%2Fcomments&post=46839"}],"version-history":[{"count":0,"href":"https:\/\/masquenoticiastucuman.com.ar\/index.php?rest_route=\/wp\/v2\/posts\/46839\/revisions"}],"wp:attachment":[{"href":"https:\/\/masquenoticiastucuman.com.ar\/index.php?rest_route=%2Fwp%2Fv2%2Fmedia&parent=46839"}],"wp:term":[{"taxonomy":"category","embeddable":true,"href":"https:\/\/masquenoticiastucuman.com.ar\/index.php?rest_route=%2Fwp%2Fv2%2Fcategories&post=46839"},{"taxonomy":"post_tag","embeddable":true,"href":"https:\/\/masquenoticiastucuman.com.ar\/index.php?rest_route=%2Fwp%2Fv2%2Ftags&post=46839"}],"curies":[{"name":"wp","href":"https:\/\/api.w.org\/{rel}","templated":true}]}}