{"id":46845,"date":"2025-09-24T18:01:02","date_gmt":"2025-09-24T21:01:02","guid":{"rendered":"http:\/\/masquenoticiastucuman.com.ar\/?p=46845"},"modified":"2025-09-24T18:01:02","modified_gmt":"2025-09-24T21:01:02","slug":"julian-alvarez-abrio-el-camino-del-atletico-de-madrid-con-una-gran-volea-en-medio-de-los-roces-con-simeone","status":"publish","type":"post","link":"https:\/\/masquenoticiastucuman.com.ar\/?p=46845","title":{"rendered":"Juli\u00e1n \u00c1lvarez abri\u00f3 el camino del Atl\u00e9tico de Madrid con una gran volea  en medio de los roces con Simeone"},"content":{"rendered":"<ul>\n<li>El cordob\u00e9s marc\u00f3 el 1-0 ante Rayo Vallecano en el Metropolitano.<\/li>\n<li>El delantero argentino ven\u00eda de ser reemplazado ante Mallorca tras fallar un penal.<\/li>\n<li>Por DSports.<\/li>\n<\/ul>","protected":false},"excerpt":{"rendered":"<p>El cordob\u00e9s marc\u00f3 el 1-0 ante Rayo Vallecano en el Metropolitano. El delantero argentino ven\u00eda&#8230;<\/p>\n","protected":false},"author":1,"featured_media":0,"comment_status":"open","ping_status":"open","sticky":false,"template":"","format":"standard","meta":{"footnotes":""},"categories":[6],"tags":[],"class_list":["post-46845","post","type-post","status-publish","format-standard","hentry","category-deportes"],"_links":{"self":[{"href":"https:\/\/masquenoticiastucuman.com.ar\/index.php?rest_route=\/wp\/v2\/posts\/46845","targetHints":{"allow":["GET"]}}],"collection":[{"href":"https:\/\/masquenoticiastucuman.com.ar\/index.php?rest_route=\/wp\/v2\/posts"}],"about":[{"href":"https:\/\/masquenoticiastucuman.com.ar\/index.php?rest_route=\/wp\/v2\/types\/post"}],"author":[{"embeddable":true,"href":"https:\/\/masquenoticiastucuman.com.ar\/index.php?rest_route=\/wp\/v2\/users\/1"}],"replies":[{"embeddable":true,"href":"https:\/\/masquenoticiastucuman.com.ar\/index.php?rest_route=%2Fwp%2Fv2%2Fcomments&post=46845"}],"version-history":[{"count":0,"href":"https:\/\/masquenoticiastucuman.com.ar\/index.php?rest_route=\/wp\/v2\/posts\/46845\/revisions"}],"wp:attachment":[{"href":"https:\/\/masquenoticiastucuman.com.ar\/index.php?rest_route=%2Fwp%2Fv2%2Fmedia&parent=46845"}],"wp:term":[{"taxonomy":"category","embeddable":true,"href":"https:\/\/masquenoticiastucuman.com.ar\/index.php?rest_route=%2Fwp%2Fv2%2Fcategories&post=46845"},{"taxonomy":"post_tag","embeddable":true,"href":"https:\/\/masquenoticiastucuman.com.ar\/index.php?rest_route=%2Fwp%2Fv2%2Ftags&post=46845"}],"curies":[{"name":"wp","href":"https:\/\/api.w.org\/{rel}","templated":true}]}}