{"id":46851,"date":"2025-09-24T19:01:02","date_gmt":"2025-09-24T22:01:02","guid":{"rendered":"http:\/\/masquenoticiastucuman.com.ar\/?p=46851"},"modified":"2025-09-24T19:01:02","modified_gmt":"2025-09-24T22:01:02","slug":"lanzaron-un-glifosato-granulado-con-sello-nacional-que-promete-mayor-eficiencia-y-seguridad-medioambiental","status":"publish","type":"post","link":"https:\/\/masquenoticiastucuman.com.ar\/?p=46851","title":{"rendered":"Lanzaron un glifosato granulado con sello nacional, que promete mayor eficiencia y seguridad medioambiental"},"content":{"rendered":"<p>La empresa Tecnomyl lanz\u00f3 GLYNOMYL FULL, una sal pot\u00e1sica al 88%, la mayor concentraci\u00f3n del pa\u00eds, con ventajas en su aplicaci\u00f3n, log\u00edstica y transporte.<\/p>","protected":false},"excerpt":{"rendered":"<p>La empresa Tecnomyl lanz\u00f3 GLYNOMYL FULL, una sal pot\u00e1sica al 88%, la mayor concentraci\u00f3n del&#8230;<\/p>\n","protected":false},"author":1,"featured_media":0,"comment_status":"open","ping_status":"open","sticky":false,"template":"","format":"standard","meta":{"footnotes":""},"categories":[],"tags":[],"class_list":["post-46851","post","type-post","status-publish","format-standard","hentry"],"_links":{"self":[{"href":"https:\/\/masquenoticiastucuman.com.ar\/index.php?rest_route=\/wp\/v2\/posts\/46851","targetHints":{"allow":["GET"]}}],"collection":[{"href":"https:\/\/masquenoticiastucuman.com.ar\/index.php?rest_route=\/wp\/v2\/posts"}],"about":[{"href":"https:\/\/masquenoticiastucuman.com.ar\/index.php?rest_route=\/wp\/v2\/types\/post"}],"author":[{"embeddable":true,"href":"https:\/\/masquenoticiastucuman.com.ar\/index.php?rest_route=\/wp\/v2\/users\/1"}],"replies":[{"embeddable":true,"href":"https:\/\/masquenoticiastucuman.com.ar\/index.php?rest_route=%2Fwp%2Fv2%2Fcomments&post=46851"}],"version-history":[{"count":0,"href":"https:\/\/masquenoticiastucuman.com.ar\/index.php?rest_route=\/wp\/v2\/posts\/46851\/revisions"}],"wp:attachment":[{"href":"https:\/\/masquenoticiastucuman.com.ar\/index.php?rest_route=%2Fwp%2Fv2%2Fmedia&parent=46851"}],"wp:term":[{"taxonomy":"category","embeddable":true,"href":"https:\/\/masquenoticiastucuman.com.ar\/index.php?rest_route=%2Fwp%2Fv2%2Fcategories&post=46851"},{"taxonomy":"post_tag","embeddable":true,"href":"https:\/\/masquenoticiastucuman.com.ar\/index.php?rest_route=%2Fwp%2Fv2%2Ftags&post=46851"}],"curies":[{"name":"wp","href":"https:\/\/api.w.org\/{rel}","templated":true}]}}